{"id":67642,"date":"2022-06-27T09:26:06","date_gmt":"2022-06-27T08:26:06","guid":{"rendered":"https:\/\/rna.ao\/rna.ao\/?p=67642"},"modified":"2022-06-27T09:26:06","modified_gmt":"2022-06-27T08:26:06","slug":"selecao-junior-feminina-de-andebol-procura-apuramento-para-os-quartos-de-final-no-mundial-da-eslovenia","status":"publish","type":"post","link":"https:\/\/rna.ao\/rna.ao\/2022\/06\/27\/selecao-junior-feminina-de-andebol-procura-apuramento-para-os-quartos-de-final-no-mundial-da-eslovenia\/","title":{"rendered":"Sele\u00e7\u00e3o j\u00fanior feminina de andebol procura apuramento para os quartos de final no Mundial da Eslov\u00e9nia;"},"content":{"rendered":"<p><img loading=\"lazy\" class=\"alignnone size-medium wp-image-67645\" src=\"https:\/\/rna.ao\/rna.ao\/wp-content\/uploads\/2022\/06\/seleccao_nacional_angola-andebol-2-770x495.jpg\" alt=\"\" width=\"770\" height=\"495\" srcset=\"https:\/\/rna.ao\/rna.ao\/wp-content\/uploads\/2022\/06\/seleccao_nacional_angola-andebol-2-770x495.jpg 770w, https:\/\/rna.ao\/rna.ao\/wp-content\/uploads\/2022\/06\/seleccao_nacional_angola-andebol-2-1170x752.jpg 1170w, https:\/\/rna.ao\/rna.ao\/wp-content\/uploads\/2022\/06\/seleccao_nacional_angola-andebol-2-768x494.jpg 768w, https:\/\/rna.ao\/rna.ao\/wp-content\/uploads\/2022\/06\/seleccao_nacional_angola-andebol-2-1536x987.jpg 1536w, https:\/\/rna.ao\/rna.ao\/wp-content\/uploads\/2022\/06\/seleccao_nacional_angola-andebol-2-2048x1317.jpg 2048w\" sizes=\"(max-width: 770px) 100vw, 770px\" \/><\/p>\n<p style=\"font-weight: 400;\">A sele\u00e7\u00e3o nacional j\u00fanior feminina j\u00e1 entre as 16 melhores da categoria, defronta hoje a Eslov\u00e9nia em busca do passe para os oitavos de final do campeonato do mundo que decorre no leste da Europa.<\/p>\n<p style=\"font-weight: 400;\">O selecionador nacional, Jos\u00e9 Ter\u00e7a Chuma, pretende surpreender a sele\u00e7\u00e3o da casa e seguir em frente; Clique no \u00e1udio abaixo e ou\u00e7a.<\/p>\n\t<div class=\"qtmplayer-playlist-large\">\n\t\t<ul class=\"qtmplayer-playlist\">\n\t\t\t\n\t\t\t\t\t<li class=\"qtmplayer-trackitem\">\n\t\t<img src=\"https:\/\/rna.ao\/rna.ao\/wp-content\/uploads\/2022\/06\/seleccao_nacional_angola-andebol-2-100x100.jpg\" alt=\"cover\">\t\t<span \t\t\tdata-qtmplayer-cover=\"https:\/\/rna.ao\/rna.ao\/wp-content\/uploads\/2022\/06\/seleccao_nacional_angola-andebol-2-370x370.jpg\"\n\t\t\t\t\t\tdata-qtmplayer-file=\"https:\/\/rna.ao\/rna.ao\/wp-content\/uploads\/2022\/06\/2-JOSE-TERCA-2-CHUMA-BOM.mp3\"\n\t\t\t\t\t\tdata-qtmplayer-title=\"Sele\u00e7\u00e3o j\u00fanior feminina de andebol procura apuramento para os quartos de final no Mundial da Eslov\u00e9nia;\"\n\t\t\t\t\t\tdata-qtmplayer-artist=\"RNA\"\n\t\t\t\t\t\tdata-qtmplayer-link=\"https:\/\/rna.ao\/rna.ao\/2022\/06\/27\/selecao-junior-feminina-de-andebol-procura-apuramento-para-os-quartos-de-final-no-mundial-da-eslovenia\/\"\n\t\t\t\t\t\tdata-qtmplayer-icon=\"file_download\"\n\t\t\t\t\t\tdata-qtmplayer-type=\"track\"\n\t\t\t class=\"qtmplayer-play qtmplayer-link-sec qtmplayer-play-btn\"><i class='material-icons'>play_arrow<\/i><\/span>\n\t\t<p>\n\t\t\t<span class=\"qtmplayer-tit\">Sele\u00e7\u00e3o j\u00fanior feminina de andebol procura apuramento para os quartos de final no Mundial da Eslov\u00e9nia;<\/span>\n\t\t\t<span class=\"qtmplayer-art\">RNA<\/span>\n\t\t<\/p>\n\t<\/li>\n\t\t<\/ul>\n\t<\/div>\t\t\t\n\t\n<p>&nbsp;<\/p>\n<p style=\"font-weight: 400;\">Jos\u00e9 Ter\u00e7a Chuma, t\u00e9cnico nacional de andebol j\u00fanior feminino.<\/p>\n<p style=\"font-weight: 400;\">O secret\u00e1rio de Estado para Desporto, Carlos Almeida, espera que Angola continue na senda das vit\u00f3rias; Clique no \u00e1udio abaixo e ou\u00e7a.<\/p>\n\t<div class=\"qtmplayer-playlist-large\">\n\t\t<ul class=\"qtmplayer-playlist\">\n\t\t\t\n\t\t\t\t\t<li class=\"qtmplayer-trackitem\">\n\t\t<img src=\"https:\/\/rna.ao\/rna.ao\/wp-content\/uploads\/2022\/06\/seleccao_nacional_angola-andebol-2-100x100.jpg\" alt=\"cover\">\t\t<span \t\t\tdata-qtmplayer-cover=\"https:\/\/rna.ao\/rna.ao\/wp-content\/uploads\/2022\/06\/seleccao_nacional_angola-andebol-2-370x370.jpg\"\n\t\t\t\t\t\tdata-qtmplayer-file=\"https:\/\/rna.ao\/rna.ao\/wp-content\/uploads\/2022\/06\/3-CARLOS-ALMEIDA-27-06-22.mp3\"\n\t\t\t\t\t\tdata-qtmplayer-title=\"Sele\u00e7\u00e3o j\u00fanior feminina de andebol procura apuramento para os quartos de final no Mundial da Eslov\u00e9nia;\"\n\t\t\t\t\t\tdata-qtmplayer-artist=\"RNA\"\n\t\t\t\t\t\tdata-qtmplayer-link=\"https:\/\/rna.ao\/rna.ao\/2022\/06\/27\/selecao-junior-feminina-de-andebol-procura-apuramento-para-os-quartos-de-final-no-mundial-da-eslovenia\/\"\n\t\t\t\t\t\tdata-qtmplayer-icon=\"file_download\"\n\t\t\t\t\t\tdata-qtmplayer-type=\"track\"\n\t\t\t class=\"qtmplayer-play qtmplayer-link-sec qtmplayer-play-btn\"><i class='material-icons'>play_arrow<\/i><\/span>\n\t\t<p>\n\t\t\t<span class=\"qtmplayer-tit\">Sele\u00e7\u00e3o j\u00fanior feminina de andebol procura apuramento para os quartos de final no Mundial da Eslov\u00e9nia;<\/span>\n\t\t\t<span class=\"qtmplayer-art\">RNA<\/span>\n\t\t<\/p>\n\t<\/li>\n\t\t<\/ul>\n\t<\/div>\t\t\t\n\t\n<p>&nbsp;<\/p>\n<p style=\"font-weight: 400;\">Carlos Almeida, Secret\u00e1rio de Estado para Desporto.<\/p>\n<p style=\"font-weight: 400;\">Angola ter\u00e1 pela frente hoje a Eslov\u00e9nia para o apuramento aos quartos de final do Mundial j\u00fanior feminino de andebol, e consequentemente figurar entre as oito melhores sele\u00e7\u00f5es da categoria de j\u00fanior.<\/p>\n<p style=\"font-weight: 400;\">\n","protected":false},"excerpt":{"rendered":"<p>A sele\u00e7\u00e3o nacional j\u00fanior feminina j\u00e1 entre as 16 melhores da categoria, defronta hoje a Eslov\u00e9nia em busca do passe para os oitavos de final do campeonato do mundo que decorre no leste da Europa. O selecionador nacional, Jos\u00e9 Ter\u00e7a Chuma, pretende surpreender a sele\u00e7\u00e3o da casa e seguir em ...<\/p>\n","protected":false},"author":8,"featured_media":67645,"comment_status":"closed","ping_status":"closed","sticky":false,"template":"","format":"standard","meta":[],"categories":[121,145,125],"tags":[],"_links":{"self":[{"href":"https:\/\/rna.ao\/rna.ao\/wp-json\/wp\/v2\/posts\/67642"}],"collection":[{"href":"https:\/\/rna.ao\/rna.ao\/wp-json\/wp\/v2\/posts"}],"about":[{"href":"https:\/\/rna.ao\/rna.ao\/wp-json\/wp\/v2\/types\/post"}],"author":[{"embeddable":true,"href":"https:\/\/rna.ao\/rna.ao\/wp-json\/wp\/v2\/users\/8"}],"replies":[{"embeddable":true,"href":"https:\/\/rna.ao\/rna.ao\/wp-json\/wp\/v2\/comments?post=67642"}],"version-history":[{"count":1,"href":"https:\/\/rna.ao\/rna.ao\/wp-json\/wp\/v2\/posts\/67642\/revisions"}],"predecessor-version":[{"id":67646,"href":"https:\/\/rna.ao\/rna.ao\/wp-json\/wp\/v2\/posts\/67642\/revisions\/67646"}],"wp:featuredmedia":[{"embeddable":true,"href":"https:\/\/rna.ao\/rna.ao\/wp-json\/wp\/v2\/media\/67645"}],"wp:attachment":[{"href":"https:\/\/rna.ao\/rna.ao\/wp-json\/wp\/v2\/media?parent=67642"}],"wp:term":[{"taxonomy":"category","embeddable":true,"href":"https:\/\/rna.ao\/rna.ao\/wp-json\/wp\/v2\/categories?post=67642"},{"taxonomy":"post_tag","embeddable":true,"href":"https:\/\/rna.ao\/rna.ao\/wp-json\/wp\/v2\/tags?post=67642"}],"curies":[{"name":"wp","href":"https:\/\/api.w.org\/{rel}","templated":true}]}}