{"id":67592,"date":"2022-06-26T21:23:08","date_gmt":"2022-06-26T20:23:08","guid":{"rendered":"https:\/\/rna.ao\/rna.ao\/?p=67592"},"modified":"2022-06-26T21:23:08","modified_gmt":"2022-06-26T20:23:08","slug":"angola-leva-a-cimeira-sobre-os-oceanos-experiencia-nas-zonas-de-gestao-integrada-para-galvanizar-economia-azul","status":"publish","type":"post","link":"https:\/\/rna.ao\/rna.ao\/2022\/06\/26\/angola-leva-a-cimeira-sobre-os-oceanos-experiencia-nas-zonas-de-gestao-integrada-para-galvanizar-economia-azul\/","title":{"rendered":"Angola leva, \u00e0 Cimeira sobre os Oceanos, experi\u00eancia nas zonas de gest\u00e3o integrada para galvanizar \u201ceconomia azul\u201d"},"content":{"rendered":"<p><img loading=\"lazy\" class=\" wp-image-38692 aligncenter\" src=\"https:\/\/rna.ao\/rna.ao\/wp-content\/uploads\/2021\/09\/PR-chegada-viajem-770x385.jpg\" alt=\"\" width=\"806\" height=\"403\" srcset=\"https:\/\/rna.ao\/rna.ao\/wp-content\/uploads\/2021\/09\/PR-chegada-viajem-770x385.jpg 770w, https:\/\/rna.ao\/rna.ao\/wp-content\/uploads\/2021\/09\/PR-chegada-viajem-768x384.jpg 768w, https:\/\/rna.ao\/rna.ao\/wp-content\/uploads\/2021\/09\/PR-chegada-viajem.jpg 800w\" sizes=\"(max-width: 806px) 100vw, 806px\" \/>O Presidente da Rep\u00fablica, Jo\u00e3o Louren\u00e7o, j\u00e1 se encontra em Lisboa, Portugal, para participar, nesta segunda-feira, 27 de Junho, da Confer\u00eancia das Na\u00e7\u00f5es Unidas sobre os Oceanos, que vai juntar 193 pa\u00edses. Angola leva, para a Confer\u00eancia da ONU sobre os Oceanos, a sua experi\u00eancia nas zonas de gest\u00e3o integradas, para galvanizar a economia azul\u201d. Clique, no +\u00e1udio abaixo, e ou\u00e7a os enviados especiais da RNA \u00e0 Lisboa Manuel Bernardo e Carolina Barradas:<\/p>\n\t<div class=\"qtmplayer-playlist-large\">\n\t\t<ul class=\"qtmplayer-playlist\">\n\t\t\t\n\t\t\t\t\t<li class=\"qtmplayer-trackitem\">\n\t\t<img src=\"https:\/\/rna.ao\/rna.ao\/wp-content\/uploads\/2022\/06\/conferencia-dos-oceanos-100x100.jpg\" alt=\"cover\">\t\t<span \t\t\tdata-qtmplayer-cover=\"https:\/\/rna.ao\/rna.ao\/wp-content\/uploads\/2022\/06\/conferencia-dos-oceanos.jpg\"\n\t\t\t\t\t\tdata-qtmplayer-file=\"https:\/\/rna.ao\/rna.ao\/wp-content\/uploads\/2022\/06\/CAROLINA-BARRADAS.mp3\"\n\t\t\t\t\t\tdata-qtmplayer-title=\"Angola leva, \u00e0 Cimeira sobre os Oceanos, experi\u00eancia nas zonas de gest\u00e3o integrada para galvanizar \u201ceconomia azul\u201d\"\n\t\t\t\t\t\tdata-qtmplayer-artist=\"RNA\"\n\t\t\t\t\t\tdata-qtmplayer-link=\"https:\/\/rna.ao\/rna.ao\/2022\/06\/26\/angola-leva-a-cimeira-sobre-os-oceanos-experiencia-nas-zonas-de-gestao-integrada-para-galvanizar-economia-azul\/\"\n\t\t\t\t\t\tdata-qtmplayer-icon=\"file_download\"\n\t\t\t\t\t\tdata-qtmplayer-type=\"track\"\n\t\t\t class=\"qtmplayer-play qtmplayer-link-sec qtmplayer-play-btn\"><i class='material-icons'>play_arrow<\/i><\/span>\n\t\t<p>\n\t\t\t<span class=\"qtmplayer-tit\">Angola leva, \u00e0 Cimeira sobre os Oceanos, experi\u00eancia nas zonas de gest\u00e3o integrada para galvanizar \u201ceconomia azul\u201d<\/span>\n\t\t\t<span class=\"qtmplayer-art\">RNA<\/span>\n\t\t<\/p>\n\t<\/li>\n\t\t<\/ul>\n\t<\/div>\t\t\t\n\t\n<p>Fonte: RNA<\/p>\n","protected":false},"excerpt":{"rendered":"<p>O Presidente da Rep\u00fablica, Jo\u00e3o Louren\u00e7o, j\u00e1 se encontra em Lisboa, Portugal, para participar, nesta segunda-feira, 27 de Junho, da Confer\u00eancia das Na\u00e7\u00f5es Unidas sobre os Oceanos, que vai juntar 193 pa\u00edses. Angola leva, para a Confer\u00eancia da ONU sobre os Oceanos, a sua experi\u00eancia nas zonas de gest\u00e3o integradas, ...<\/p>\n","protected":false},"author":8,"featured_media":67598,"comment_status":"closed","ping_status":"closed","sticky":false,"template":"","format":"standard","meta":[],"categories":[121,163,1],"tags":[],"_links":{"self":[{"href":"https:\/\/rna.ao\/rna.ao\/wp-json\/wp\/v2\/posts\/67592"}],"collection":[{"href":"https:\/\/rna.ao\/rna.ao\/wp-json\/wp\/v2\/posts"}],"about":[{"href":"https:\/\/rna.ao\/rna.ao\/wp-json\/wp\/v2\/types\/post"}],"author":[{"embeddable":true,"href":"https:\/\/rna.ao\/rna.ao\/wp-json\/wp\/v2\/users\/8"}],"replies":[{"embeddable":true,"href":"https:\/\/rna.ao\/rna.ao\/wp-json\/wp\/v2\/comments?post=67592"}],"version-history":[{"count":2,"href":"https:\/\/rna.ao\/rna.ao\/wp-json\/wp\/v2\/posts\/67592\/revisions"}],"predecessor-version":[{"id":67599,"href":"https:\/\/rna.ao\/rna.ao\/wp-json\/wp\/v2\/posts\/67592\/revisions\/67599"}],"wp:featuredmedia":[{"embeddable":true,"href":"https:\/\/rna.ao\/rna.ao\/wp-json\/wp\/v2\/media\/67598"}],"wp:attachment":[{"href":"https:\/\/rna.ao\/rna.ao\/wp-json\/wp\/v2\/media?parent=67592"}],"wp:term":[{"taxonomy":"category","embeddable":true,"href":"https:\/\/rna.ao\/rna.ao\/wp-json\/wp\/v2\/categories?post=67592"},{"taxonomy":"post_tag","embeddable":true,"href":"https:\/\/rna.ao\/rna.ao\/wp-json\/wp\/v2\/tags?post=67592"}],"curies":[{"name":"wp","href":"https:\/\/api.w.org\/{rel}","templated":true}]}}