{"id":67529,"date":"2022-06-26T07:23:00","date_gmt":"2022-06-26T06:23:00","guid":{"rendered":"https:\/\/rna.ao\/rna.ao\/?p=67529"},"modified":"2022-06-28T06:42:31","modified_gmt":"2022-06-28T05:42:31","slug":"tc-publica-esta-semana-listas-iniciais-das-candidaturas-dos-partidos-politicos-concorrentes-as-eleicoes","status":"publish","type":"post","link":"https:\/\/rna.ao\/rna.ao\/2022\/06\/26\/tc-publica-esta-semana-listas-iniciais-das-candidaturas-dos-partidos-politicos-concorrentes-as-eleicoes\/","title":{"rendered":"TC publica, esta semana, listas iniciais das candidaturas dos partidos pol\u00edticos concorrentes \u00e0s elei\u00e7\u00f5es"},"content":{"rendered":"<p style=\"font-weight: 400;\"><em style=\"font-weight: 400;\"><img loading=\"lazy\" class=\"size-full wp-image-67531 alignleft\" src=\"https:\/\/rna.ao\/rna.ao\/wp-content\/uploads\/2022\/06\/Mauro-Alexandre.jpg\" alt=\"\" width=\"292\" height=\"208\" \/>Oito forma\u00e7\u00f5es pol\u00edticos aguardam apuramento do Tribunal Constitucional para concorrer ao pleito eleitoral de 24 de Agosto pr\u00f3ximo.\u00a0<\/em><em style=\"font-weight: 400;\">O P-NJANGO, fundado recentemente por Eduardo Jonat\u00e3o \u201cDinho\u201d Tchingunji\u201d, foi o \u00faltimo a formalizar a sua candidatura junto do do Tribunal Constitucional. <\/em><em>O Director do Gabinete dos Partidos Pol\u00edticos\u00a0do Tribunal Constitucional,<\/em><em style=\"font-weight: 400;\">\u00a0<\/em><em style=\"font-weight: 400;\">Mauro Alexandre, explicou que fechado o processo, segue-se a fase da publica\u00e7\u00e3o inicial das listas. <\/em><em>Neste capitulo o Director do Gabinete dos Partidos Pol\u00edticos do Tribunal Constitucional, real\u00e7ou que um dos objectivos \u00e9 dar a conhecer os candidatos a deputados \u00e0 Assembleia Nacional. Clique no \u00e1udio e ou\u00e7a:<\/em><\/p>\n\t<div class=\"qtmplayer-playlist-large\">\n\t\t<ul class=\"qtmplayer-playlist\">\n\t\t\t\n\t\t\t\t\t<li class=\"qtmplayer-trackitem\">\n\t\t<img src=\"https:\/\/rna.ao\/rna.ao\/wp-content\/uploads\/2022\/06\/Mauro-Alexandre-100x100.jpg\" alt=\"cover\">\t\t<span \t\t\tdata-qtmplayer-cover=\"https:\/\/rna.ao\/rna.ao\/wp-content\/uploads\/2022\/06\/Mauro-Alexandre.jpg\"\n\t\t\t\t\t\tdata-qtmplayer-file=\"https:\/\/rna.ao\/rna.ao\/wp-content\/uploads\/2022\/06\/MAURO-ALEXANDRE.mp3\"\n\t\t\t\t\t\tdata-qtmplayer-title=\"TC publica, esta semana, listas iniciais das candidaturas dos partidos pol\u00edticos concorrentes \u00e0s elei\u00e7\u00f5es\"\n\t\t\t\t\t\tdata-qtmplayer-artist=\"RNA\"\n\t\t\t\t\t\tdata-qtmplayer-link=\"https:\/\/rna.ao\/rna.ao\/2022\/06\/26\/tc-publica-esta-semana-listas-iniciais-das-candidaturas-dos-partidos-politicos-concorrentes-as-eleicoes\/\"\n\t\t\t\t\t\tdata-qtmplayer-icon=\"file_download\"\n\t\t\t\t\t\tdata-qtmplayer-type=\"track\"\n\t\t\t class=\"qtmplayer-play qtmplayer-link-sec qtmplayer-play-btn\"><i class='material-icons'>play_arrow<\/i><\/span>\n\t\t<p>\n\t\t\t<span class=\"qtmplayer-tit\">TC publica, esta semana, listas iniciais das candidaturas dos partidos pol\u00edticos concorrentes \u00e0s elei\u00e7\u00f5es<\/span>\n\t\t\t<span class=\"qtmplayer-art\">RNA<\/span>\n\t\t<\/p>\n\t<\/li>\n\t\t<\/ul>\n\t<\/div>\t\t\t\n\t\n<p style=\"font-weight: 400;\"><em>Fonte: RNA<\/em><\/p>\n<p style=\"font-weight: 400;\">\n","protected":false},"excerpt":{"rendered":"<p>Oito forma\u00e7\u00f5es pol\u00edticos aguardam apuramento do Tribunal Constitucional para concorrer ao pleito eleitoral de 24 de Agosto pr\u00f3ximo.\u00a0O P-NJANGO, fundado recentemente por Eduardo Jonat\u00e3o \u201cDinho\u201d Tchingunji\u201d, foi o \u00faltimo a formalizar a sua candidatura junto do do Tribunal Constitucional. O Director do Gabinete dos Partidos Pol\u00edticos\u00a0do Tribunal Constitucional,\u00a0Mauro Alexandre, explicou ...<\/p>\n","protected":false},"author":8,"featured_media":67531,"comment_status":"closed","ping_status":"closed","sticky":false,"template":"","format":"standard","meta":[],"categories":[142,121],"tags":[],"_links":{"self":[{"href":"https:\/\/rna.ao\/rna.ao\/wp-json\/wp\/v2\/posts\/67529"}],"collection":[{"href":"https:\/\/rna.ao\/rna.ao\/wp-json\/wp\/v2\/posts"}],"about":[{"href":"https:\/\/rna.ao\/rna.ao\/wp-json\/wp\/v2\/types\/post"}],"author":[{"embeddable":true,"href":"https:\/\/rna.ao\/rna.ao\/wp-json\/wp\/v2\/users\/8"}],"replies":[{"embeddable":true,"href":"https:\/\/rna.ao\/rna.ao\/wp-json\/wp\/v2\/comments?post=67529"}],"version-history":[{"count":1,"href":"https:\/\/rna.ao\/rna.ao\/wp-json\/wp\/v2\/posts\/67529\/revisions"}],"predecessor-version":[{"id":67532,"href":"https:\/\/rna.ao\/rna.ao\/wp-json\/wp\/v2\/posts\/67529\/revisions\/67532"}],"wp:featuredmedia":[{"embeddable":true,"href":"https:\/\/rna.ao\/rna.ao\/wp-json\/wp\/v2\/media\/67531"}],"wp:attachment":[{"href":"https:\/\/rna.ao\/rna.ao\/wp-json\/wp\/v2\/media?parent=67529"}],"wp:term":[{"taxonomy":"category","embeddable":true,"href":"https:\/\/rna.ao\/rna.ao\/wp-json\/wp\/v2\/categories?post=67529"},{"taxonomy":"post_tag","embeddable":true,"href":"https:\/\/rna.ao\/rna.ao\/wp-json\/wp\/v2\/tags?post=67529"}],"curies":[{"name":"wp","href":"https:\/\/api.w.org\/{rel}","templated":true}]}}