{"id":67350,"date":"2022-06-24T06:33:20","date_gmt":"2022-06-24T05:33:20","guid":{"rendered":"https:\/\/rna.ao\/rna.ao\/?p=67350"},"modified":"2022-06-24T09:15:02","modified_gmt":"2022-06-24T08:15:02","slug":"a-lunda-sul-nao-e-a-mesma-de-cinco-anos-atras-crescemos-muito-daniel-felix-neto","status":"publish","type":"post","link":"https:\/\/rna.ao\/rna.ao\/2022\/06\/24\/a-lunda-sul-nao-e-a-mesma-de-cinco-anos-atras-crescemos-muito-daniel-felix-neto\/","title":{"rendered":"&#8220;A Lunda-Sul n\u00e3o \u00e9 a mesma de cinco anos atr\u00e1s, crescemos muito&#8221;, Daniel F\u00e9lix Neto"},"content":{"rendered":"<p><img loading=\"lazy\" class=\"size-full wp-image-67352 alignleft\" src=\"https:\/\/rna.ao\/rna.ao\/wp-content\/uploads\/2022\/06\/Daniel-Felix-Neto.jpg\" alt=\"\" width=\"282\" height=\"225\" \/>O Chefe de Estado angolano inicia estra hoje, 24 de Junho, uma vista de trabalho, de dois dias, \u00e0 Prov\u00edncia da Lunda-Sul. O\u00a0 Governador da Lunda-Sul, Daniel F\u00e9lix Neto, garante que o Presidente da Rep\u00fablica, Jo\u00e3o Louren\u00e7o, vai encontrar uma Prov\u00edncia voltada para o desenvolvimento, diferente daquilo que era h\u00e1 cinco anos. Clique, no \u00e1udio abaixo, e saiba mais na reportagem do Hort\u00eansio Michel:<\/p>\n\t<div class=\"qtmplayer-playlist-large\">\n\t\t<ul class=\"qtmplayer-playlist\">\n\t\t\t\n\t\t\t\t\t<li class=\"qtmplayer-trackitem\">\n\t\t<img src=\"https:\/\/rna.ao\/rna.ao\/wp-content\/uploads\/2022\/06\/Daniel-Felix-Neto-100x100.jpg\" alt=\"cover\">\t\t<span \t\t\tdata-qtmplayer-cover=\"https:\/\/rna.ao\/rna.ao\/wp-content\/uploads\/2022\/06\/Daniel-Felix-Neto.jpg\"\n\t\t\t\t\t\tdata-qtmplayer-file=\"https:\/\/rna.ao\/rna.ao\/wp-content\/uploads\/2022\/06\/LUNDA-SUL-GOVERNADOR-07HRS.mp3\"\n\t\t\t\t\t\tdata-qtmplayer-title=\"&#8220;A Lunda-Sul n\u00e3o \u00e9 a mesma de cinco anos atr\u00e1s, crescemos muito&#8221;, Daniel F\u00e9lix Neto\"\n\t\t\t\t\t\tdata-qtmplayer-artist=\"RNA\"\n\t\t\t\t\t\tdata-qtmplayer-link=\"https:\/\/rna.ao\/rna.ao\/2022\/06\/24\/a-lunda-sul-nao-e-a-mesma-de-cinco-anos-atras-crescemos-muito-daniel-felix-neto\/\"\n\t\t\t\t\t\tdata-qtmplayer-icon=\"file_download\"\n\t\t\t\t\t\tdata-qtmplayer-type=\"track\"\n\t\t\t class=\"qtmplayer-play qtmplayer-link-sec qtmplayer-play-btn\"><i class='material-icons'>play_arrow<\/i><\/span>\n\t\t<p>\n\t\t\t<span class=\"qtmplayer-tit\">&#8220;A Lunda-Sul n\u00e3o \u00e9 a mesma de cinco anos atr\u00e1s, crescemos muito&#8221;, Daniel F\u00e9lix Neto<\/span>\n\t\t\t<span class=\"qtmplayer-art\">RNA<\/span>\n\t\t<\/p>\n\t<\/li>\n\t\t<\/ul>\n\t<\/div>\t\t\t\n\t\n<p>Fonte: RNA<\/p>\n","protected":false},"excerpt":{"rendered":"<p>O Chefe de Estado angolano inicia estra hoje, 24 de Junho, uma vista de trabalho, de dois dias, \u00e0 Prov\u00edncia da Lunda-Sul. O\u00a0 Governador da Lunda-Sul, Daniel F\u00e9lix Neto, garante que o Presidente da Rep\u00fablica, Jo\u00e3o Louren\u00e7o, vai encontrar uma Prov\u00edncia voltada para o desenvolvimento, diferente daquilo que era h\u00e1 ...<\/p>\n","protected":false},"author":8,"featured_media":67352,"comment_status":"closed","ping_status":"closed","sticky":false,"template":"","format":"standard","meta":[],"categories":[142,121,163],"tags":[],"_links":{"self":[{"href":"https:\/\/rna.ao\/rna.ao\/wp-json\/wp\/v2\/posts\/67350"}],"collection":[{"href":"https:\/\/rna.ao\/rna.ao\/wp-json\/wp\/v2\/posts"}],"about":[{"href":"https:\/\/rna.ao\/rna.ao\/wp-json\/wp\/v2\/types\/post"}],"author":[{"embeddable":true,"href":"https:\/\/rna.ao\/rna.ao\/wp-json\/wp\/v2\/users\/8"}],"replies":[{"embeddable":true,"href":"https:\/\/rna.ao\/rna.ao\/wp-json\/wp\/v2\/comments?post=67350"}],"version-history":[{"count":1,"href":"https:\/\/rna.ao\/rna.ao\/wp-json\/wp\/v2\/posts\/67350\/revisions"}],"predecessor-version":[{"id":67353,"href":"https:\/\/rna.ao\/rna.ao\/wp-json\/wp\/v2\/posts\/67350\/revisions\/67353"}],"wp:featuredmedia":[{"embeddable":true,"href":"https:\/\/rna.ao\/rna.ao\/wp-json\/wp\/v2\/media\/67352"}],"wp:attachment":[{"href":"https:\/\/rna.ao\/rna.ao\/wp-json\/wp\/v2\/media?parent=67350"}],"wp:term":[{"taxonomy":"category","embeddable":true,"href":"https:\/\/rna.ao\/rna.ao\/wp-json\/wp\/v2\/categories?post=67350"},{"taxonomy":"post_tag","embeddable":true,"href":"https:\/\/rna.ao\/rna.ao\/wp-json\/wp\/v2\/tags?post=67350"}],"curies":[{"name":"wp","href":"https:\/\/api.w.org\/{rel}","templated":true}]}}