{"id":67268,"date":"2022-06-23T13:10:26","date_gmt":"2022-06-23T12:10:26","guid":{"rendered":"https:\/\/rna.ao\/rna.ao\/?p=67268"},"modified":"2022-06-23T13:37:18","modified_gmt":"2022-06-23T12:37:18","slug":"profissionais-da-rna-estao-a-ser-capacitados-em-materia-de-cobertura-eleitoral","status":"publish","type":"post","link":"https:\/\/rna.ao\/rna.ao\/2022\/06\/23\/profissionais-da-rna-estao-a-ser-capacitados-em-materia-de-cobertura-eleitoral\/","title":{"rendered":"Profissionais da RNA capacitados em mat\u00e9ria de cobertura eleitoral"},"content":{"rendered":"<p><img loading=\"lazy\" class=\"alignnone size-medium wp-image-67292\" src=\"https:\/\/rna.ao\/rna.ao\/wp-content\/uploads\/2022\/06\/c0b6a1b8-179e-4f80-a3d0-13a22ca36c7e-770x578.jpg\" alt=\"\" width=\"770\" height=\"578\" srcset=\"https:\/\/rna.ao\/rna.ao\/wp-content\/uploads\/2022\/06\/c0b6a1b8-179e-4f80-a3d0-13a22ca36c7e-770x578.jpg 770w, https:\/\/rna.ao\/rna.ao\/wp-content\/uploads\/2022\/06\/c0b6a1b8-179e-4f80-a3d0-13a22ca36c7e-1170x878.jpg 1170w, https:\/\/rna.ao\/rna.ao\/wp-content\/uploads\/2022\/06\/c0b6a1b8-179e-4f80-a3d0-13a22ca36c7e-768x576.jpg 768w, https:\/\/rna.ao\/rna.ao\/wp-content\/uploads\/2022\/06\/c0b6a1b8-179e-4f80-a3d0-13a22ca36c7e.jpg 1280w\" sizes=\"(max-width: 770px) 100vw, 770px\" \/>Os Profissionais da R\u00e1dio Nacional de Angola das prov\u00edncias de Malanje, Cuanza Norte e do U\u00edge, est\u00e3o a ser capacitados em mat\u00e9ria de cobertura eleitora. A forma\u00e7\u00e3o vai capacitar os jornalistas para fazerem uma cobertura eleitoral exemplar, em conformidade com a Constitui\u00e7\u00e3o da Rep\u00fablica e dos instrumentos legais que consagram a profiss\u00e3o. Clique no \u00e1udio abaixo e ou\u00e7a mais dados com o jornalista Jos\u00e9 Jamona:<\/p>\n\t<div class=\"qtmplayer-playlist-large\">\n\t\t<ul class=\"qtmplayer-playlist\">\n\t\t\t\n\t\t\t\t\t<li class=\"qtmplayer-trackitem\">\n\t\t<img src=\"https:\/\/rna.ao\/rna.ao\/wp-content\/uploads\/2022\/06\/Estanislau-Garcia-100x100.jpg\" alt=\"cover\">\t\t<span \t\t\tdata-qtmplayer-cover=\"https:\/\/rna.ao\/rna.ao\/wp-content\/uploads\/2022\/06\/Estanislau-Garcia.jpg\"\n\t\t\t\t\t\tdata-qtmplayer-file=\"https:\/\/rna.ao\/rna.ao\/wp-content\/uploads\/2022\/06\/MALANJE-FORMACAO-13-HRS.mp3\"\n\t\t\t\t\t\tdata-qtmplayer-title=\"Profissionais da RNA capacitados em mat\u00e9ria de cobertura eleitoral\"\n\t\t\t\t\t\tdata-qtmplayer-artist=\"RNA\"\n\t\t\t\t\t\tdata-qtmplayer-link=\"https:\/\/rna.ao\/rna.ao\/2022\/06\/23\/profissionais-da-rna-estao-a-ser-capacitados-em-materia-de-cobertura-eleitoral\/\"\n\t\t\t\t\t\tdata-qtmplayer-icon=\"file_download\"\n\t\t\t\t\t\tdata-qtmplayer-type=\"track\"\n\t\t\t class=\"qtmplayer-play qtmplayer-link-sec qtmplayer-play-btn\"><i class='material-icons'>play_arrow<\/i><\/span>\n\t\t<p>\n\t\t\t<span class=\"qtmplayer-tit\">Profissionais da RNA capacitados em mat\u00e9ria de cobertura eleitoral<\/span>\n\t\t\t<span class=\"qtmplayer-art\">RNA<\/span>\n\t\t<\/p>\n\t<\/li>\n\t\t<\/ul>\n\t<\/div>\t\t\t\n\t\n","protected":false},"excerpt":{"rendered":"<p>Os Profissionais da R\u00e1dio Nacional de Angola das prov\u00edncias de Malanje, Cuanza Norte e do U\u00edge, est\u00e3o a ser capacitados em mat\u00e9ria de cobertura eleitora. A forma\u00e7\u00e3o vai capacitar os jornalistas para fazerem uma cobertura eleitoral exemplar, em conformidade com a Constitui\u00e7\u00e3o da Rep\u00fablica e dos instrumentos legais que consagram ...<\/p>\n","protected":false},"author":8,"featured_media":67287,"comment_status":"closed","ping_status":"closed","sticky":false,"template":"","format":"standard","meta":[],"categories":[142,121,163],"tags":[],"_links":{"self":[{"href":"https:\/\/rna.ao\/rna.ao\/wp-json\/wp\/v2\/posts\/67268"}],"collection":[{"href":"https:\/\/rna.ao\/rna.ao\/wp-json\/wp\/v2\/posts"}],"about":[{"href":"https:\/\/rna.ao\/rna.ao\/wp-json\/wp\/v2\/types\/post"}],"author":[{"embeddable":true,"href":"https:\/\/rna.ao\/rna.ao\/wp-json\/wp\/v2\/users\/8"}],"replies":[{"embeddable":true,"href":"https:\/\/rna.ao\/rna.ao\/wp-json\/wp\/v2\/comments?post=67268"}],"version-history":[{"count":4,"href":"https:\/\/rna.ao\/rna.ao\/wp-json\/wp\/v2\/posts\/67268\/revisions"}],"predecessor-version":[{"id":67290,"href":"https:\/\/rna.ao\/rna.ao\/wp-json\/wp\/v2\/posts\/67268\/revisions\/67290"}],"wp:featuredmedia":[{"embeddable":true,"href":"https:\/\/rna.ao\/rna.ao\/wp-json\/wp\/v2\/media\/67287"}],"wp:attachment":[{"href":"https:\/\/rna.ao\/rna.ao\/wp-json\/wp\/v2\/media?parent=67268"}],"wp:term":[{"taxonomy":"category","embeddable":true,"href":"https:\/\/rna.ao\/rna.ao\/wp-json\/wp\/v2\/categories?post=67268"},{"taxonomy":"post_tag","embeddable":true,"href":"https:\/\/rna.ao\/rna.ao\/wp-json\/wp\/v2\/tags?post=67268"}],"curies":[{"name":"wp","href":"https:\/\/api.w.org\/{rel}","templated":true}]}}