{"id":67068,"date":"2022-06-22T08:52:20","date_gmt":"2022-06-22T07:52:20","guid":{"rendered":"https:\/\/rna.ao\/rna.ao\/?p=67068"},"modified":"2022-06-22T09:09:27","modified_gmt":"2022-06-22T08:09:27","slug":"angola-em-dia-de-estreia-no-mundial-de-junior-feminino-eslovenia-2022","status":"publish","type":"post","link":"https:\/\/rna.ao\/rna.ao\/2022\/06\/22\/angola-em-dia-de-estreia-no-mundial-de-junior-feminino-eslovenia-2022\/","title":{"rendered":"Angola em dia de estreia no mundial de andebol j\u00fanior feminino Eslov\u00e9nia 2022."},"content":{"rendered":"<p><img loading=\"lazy\" class=\"alignnone size-medium wp-image-67073\" src=\"https:\/\/rna.ao\/rna.ao\/wp-content\/uploads\/2022\/06\/seleccao_nacional_angola-andebol-1-770x495.jpg\" alt=\"\" width=\"770\" height=\"495\" srcset=\"https:\/\/rna.ao\/rna.ao\/wp-content\/uploads\/2022\/06\/seleccao_nacional_angola-andebol-1-770x495.jpg 770w, https:\/\/rna.ao\/rna.ao\/wp-content\/uploads\/2022\/06\/seleccao_nacional_angola-andebol-1-1170x752.jpg 1170w, https:\/\/rna.ao\/rna.ao\/wp-content\/uploads\/2022\/06\/seleccao_nacional_angola-andebol-1-768x494.jpg 768w, https:\/\/rna.ao\/rna.ao\/wp-content\/uploads\/2022\/06\/seleccao_nacional_angola-andebol-1-1536x987.jpg 1536w, https:\/\/rna.ao\/rna.ao\/wp-content\/uploads\/2022\/06\/seleccao_nacional_angola-andebol-1-2048x1317.jpg 2048w\" sizes=\"(max-width: 770px) 100vw, 770px\" \/><\/p>\n<p style=\"font-weight: 400;\">Mundial de andebol j\u00fanior feminino Eslov\u00e9nia 2022, em dia do come\u00e7o das hostilidades.<\/p>\n<p style=\"font-weight: 400;\">A sele\u00e7\u00e3o angolana estreia-se hoje quarta-feira, ante a Rom\u00e9nia, para o grupo \u2013 E com a ambi\u00e7\u00e3o de chegar o mais longe poss\u00edvel.<\/p>\n<p style=\"font-weight: 400;\">O selecionador Jos\u00e9 Ter\u00e7a Chuma n\u00e3o esconde a ambi\u00e7\u00e3o e aponta a estrat\u00e9gia para o alcance das metas neste Mundial, o que exige come\u00e7ar bem com a Eslov\u00e9nia, sendo que depois medir\u00e1 for\u00e7as com as selec\u00e7\u00f5es\u00a0 da\u00a0 Rep\u00fablica Checa\u00a0 e a Litu\u00e2nia. Clique no \u00e1udio abaixo e ou\u00e7a.<\/p>\n\t<div class=\"qtmplayer-playlist-large\">\n\t\t<ul class=\"qtmplayer-playlist\">\n\t\t\t\n\t\t\t\t\t<li class=\"qtmplayer-trackitem\">\n\t\t<img src=\"https:\/\/rna.ao\/rna.ao\/wp-content\/uploads\/2022\/06\/seleccao_nacional_angola-andebol-1-100x100.jpg\" alt=\"cover\">\t\t<span \t\t\tdata-qtmplayer-cover=\"https:\/\/rna.ao\/rna.ao\/wp-content\/uploads\/2022\/06\/seleccao_nacional_angola-andebol-1-370x370.jpg\"\n\t\t\t\t\t\tdata-qtmplayer-file=\"https:\/\/rna.ao\/rna.ao\/wp-content\/uploads\/2022\/06\/PA-1-JOSE-TERCA-CHUMA-22-06-22.mp3\"\n\t\t\t\t\t\tdata-qtmplayer-title=\"Angola em dia de estreia no mundial de andebol j\u00fanior feminino Eslov\u00e9nia 2022.\"\n\t\t\t\t\t\tdata-qtmplayer-artist=\"RNA\"\n\t\t\t\t\t\tdata-qtmplayer-link=\"https:\/\/rna.ao\/rna.ao\/2022\/06\/22\/angola-em-dia-de-estreia-no-mundial-de-junior-feminino-eslovenia-2022\/\"\n\t\t\t\t\t\tdata-qtmplayer-icon=\"file_download\"\n\t\t\t\t\t\tdata-qtmplayer-type=\"track\"\n\t\t\t class=\"qtmplayer-play qtmplayer-link-sec qtmplayer-play-btn\"><i class='material-icons'>play_arrow<\/i><\/span>\n\t\t<p>\n\t\t\t<span class=\"qtmplayer-tit\">Angola em dia de estreia no mundial de andebol j\u00fanior feminino Eslov\u00e9nia 2022.<\/span>\n\t\t\t<span class=\"qtmplayer-art\">RNA<\/span>\n\t\t<\/p>\n\t<\/li>\n\t\t<\/ul>\n\t<\/div>\t\t\t\n\t\n<p style=\"font-weight: 400;\">Jos\u00e9 Ter\u00e7a Chuma e o estado de prontid\u00e3o para estreia hoje no Mundial da Eslov\u00e9nia diante da Rom\u00e9nia.<\/p>\n<p style=\"font-weight: 400;\">E o pa\u00eds mobiliza-se em apoio ao 7 nacional\u2026 Na Lunda Sul, apesar\u00a0 do\u00a0 potencial\u00a0\u00a0 dos\u00a0 advers\u00e1rios\u00a0\u00a0 de Angola no mundial\u00a0\u00a0 da Eslov\u00e9nia, ainda sim acreditam\u00a0 na boa presta\u00e7\u00e3o.<\/p>\n<p style=\"font-weight: 400;\">A cren\u00e7a vem na voz de Salvador Andr\u00e9, director dos desportos daquela prov\u00edncia. Clique no \u00c1udio abaixo e ou\u00e7a.<\/p>\n\t<div class=\"qtmplayer-playlist-large\">\n\t\t<ul class=\"qtmplayer-playlist\">\n\t\t\t\n\t\t\t\t\t<li class=\"qtmplayer-trackitem\">\n\t\t<img src=\"https:\/\/rna.ao\/rna.ao\/wp-content\/uploads\/2022\/06\/seleccao_nacional_angola-andebol-1-100x100.jpg\" alt=\"cover\">\t\t<span \t\t\tdata-qtmplayer-cover=\"https:\/\/rna.ao\/rna.ao\/wp-content\/uploads\/2022\/06\/seleccao_nacional_angola-andebol-1-370x370.jpg\"\n\t\t\t\t\t\tdata-qtmplayer-file=\"https:\/\/rna.ao\/rna.ao\/wp-content\/uploads\/2022\/06\/PA-2-SALVADOR-ANDRE-WANUKE-22-06-2022-1.mp3\"\n\t\t\t\t\t\tdata-qtmplayer-title=\"Angola em dia de estreia no mundial de andebol j\u00fanior feminino Eslov\u00e9nia 2022.\"\n\t\t\t\t\t\tdata-qtmplayer-artist=\"RNA\"\n\t\t\t\t\t\tdata-qtmplayer-link=\"https:\/\/rna.ao\/rna.ao\/2022\/06\/22\/angola-em-dia-de-estreia-no-mundial-de-junior-feminino-eslovenia-2022\/\"\n\t\t\t\t\t\tdata-qtmplayer-icon=\"file_download\"\n\t\t\t\t\t\tdata-qtmplayer-type=\"track\"\n\t\t\t class=\"qtmplayer-play qtmplayer-link-sec qtmplayer-play-btn\"><i class='material-icons'>play_arrow<\/i><\/span>\n\t\t<p>\n\t\t\t<span class=\"qtmplayer-tit\">Angola em dia de estreia no mundial de andebol j\u00fanior feminino Eslov\u00e9nia 2022.<\/span>\n\t\t\t<span class=\"qtmplayer-art\">RNA<\/span>\n\t\t<\/p>\n\t<\/li>\n\t\t<\/ul>\n\t<\/div>\t\t\t\n\t\n<p style=\"font-weight: 400;\">Salvador Andr\u00e9, director dos desportos da Lunda Sul optimista na boa campanha da sele\u00e7\u00e3o nacional j\u00fanior feminina de andebol que hoje se estreia no Mundial da Eslov\u00e9nia defrontando a cong\u00e9nere da Rom\u00e9nia.<\/p>\n","protected":false},"excerpt":{"rendered":"<p>Mundial de andebol j\u00fanior feminino Eslov\u00e9nia 2022, em dia do come\u00e7o das hostilidades. A sele\u00e7\u00e3o angolana estreia-se hoje quarta-feira, ante a Rom\u00e9nia, para o grupo \u2013 E com a ambi\u00e7\u00e3o de chegar o mais longe poss\u00edvel. O selecionador Jos\u00e9 Ter\u00e7a Chuma n\u00e3o esconde a ambi\u00e7\u00e3o e aponta a estrat\u00e9gia para ...<\/p>\n","protected":false},"author":8,"featured_media":67073,"comment_status":"closed","ping_status":"closed","sticky":false,"template":"","format":"standard","meta":[],"categories":[145,125,163],"tags":[],"_links":{"self":[{"href":"https:\/\/rna.ao\/rna.ao\/wp-json\/wp\/v2\/posts\/67068"}],"collection":[{"href":"https:\/\/rna.ao\/rna.ao\/wp-json\/wp\/v2\/posts"}],"about":[{"href":"https:\/\/rna.ao\/rna.ao\/wp-json\/wp\/v2\/types\/post"}],"author":[{"embeddable":true,"href":"https:\/\/rna.ao\/rna.ao\/wp-json\/wp\/v2\/users\/8"}],"replies":[{"embeddable":true,"href":"https:\/\/rna.ao\/rna.ao\/wp-json\/wp\/v2\/comments?post=67068"}],"version-history":[{"count":2,"href":"https:\/\/rna.ao\/rna.ao\/wp-json\/wp\/v2\/posts\/67068\/revisions"}],"predecessor-version":[{"id":67083,"href":"https:\/\/rna.ao\/rna.ao\/wp-json\/wp\/v2\/posts\/67068\/revisions\/67083"}],"wp:featuredmedia":[{"embeddable":true,"href":"https:\/\/rna.ao\/rna.ao\/wp-json\/wp\/v2\/media\/67073"}],"wp:attachment":[{"href":"https:\/\/rna.ao\/rna.ao\/wp-json\/wp\/v2\/media?parent=67068"}],"wp:term":[{"taxonomy":"category","embeddable":true,"href":"https:\/\/rna.ao\/rna.ao\/wp-json\/wp\/v2\/categories?post=67068"},{"taxonomy":"post_tag","embeddable":true,"href":"https:\/\/rna.ao\/rna.ao\/wp-json\/wp\/v2\/tags?post=67068"}],"curies":[{"name":"wp","href":"https:\/\/api.w.org\/{rel}","templated":true}]}}