{"id":66928,"date":"2022-06-21T12:09:47","date_gmt":"2022-06-21T11:09:47","guid":{"rendered":"https:\/\/rna.ao\/rna.ao\/?p=66928"},"modified":"2022-06-21T12:09:47","modified_gmt":"2022-06-21T11:09:47","slug":"detido-funcionario-da-administracao-do-distrito-da-vila-flor-por-suborno","status":"publish","type":"post","link":"https:\/\/rna.ao\/rna.ao\/2022\/06\/21\/detido-funcionario-da-administracao-do-distrito-da-vila-flor-por-suborno\/","title":{"rendered":"Detido funcion\u00e1rio da administra\u00e7\u00e3o do Distrito da Vila-Flor por suborno"},"content":{"rendered":"<p><img loading=\"lazy\" class=\"size-medium wp-image-66931 aligncenter\" src=\"https:\/\/rna.ao\/rna.ao\/wp-content\/uploads\/2022\/06\/hrXnDv0IaDAkeOTOKVBsoEZT0yFWOf88m7kr2RuK-770x578.jpg\" alt=\"\" width=\"770\" height=\"578\" srcset=\"https:\/\/rna.ao\/rna.ao\/wp-content\/uploads\/2022\/06\/hrXnDv0IaDAkeOTOKVBsoEZT0yFWOf88m7kr2RuK-770x578.jpg 770w, https:\/\/rna.ao\/rna.ao\/wp-content\/uploads\/2022\/06\/hrXnDv0IaDAkeOTOKVBsoEZT0yFWOf88m7kr2RuK-1170x878.jpg 1170w, https:\/\/rna.ao\/rna.ao\/wp-content\/uploads\/2022\/06\/hrXnDv0IaDAkeOTOKVBsoEZT0yFWOf88m7kr2RuK-768x576.jpg 768w, https:\/\/rna.ao\/rna.ao\/wp-content\/uploads\/2022\/06\/hrXnDv0IaDAkeOTOKVBsoEZT0yFWOf88m7kr2RuK.jpg 1280w\" sizes=\"(max-width: 770px) 100vw, 770px\" \/>A Inspec\u00e7\u00e3o Geral da Administra\u00e7\u00e3o do Estado, &#8220;IGAI&#8221;, procedeu junto do SIC, a deten\u00e7\u00e3o de um cidad\u00e3o de 29 anos de idade, funcion\u00e1rio da Administra\u00e7\u00e3o do Distrito Urbano da Vila-Flor, Munic\u00edpio de Viana, por tentativa de extors\u00e3o. Quem confirma \u00e9 o inspetor do IGAI, Frederico Jamba Lima.\u00a0Clique, no \u00e1udio abaixo, e ou\u00e7a:<\/p>\n\t<div class=\"qtmplayer-playlist-large\">\n\t\t<ul class=\"qtmplayer-playlist\">\n\t\t\t\n\t\t\t\t\t<li class=\"qtmplayer-trackitem\">\n\t\t<img src=\"https:\/\/rna.ao\/rna.ao\/wp-content\/uploads\/2022\/06\/79a77534088c7185698093bff4c89883_XL-100x100.jpg\" alt=\"cover\">\t\t<span \t\t\tdata-qtmplayer-cover=\"https:\/\/rna.ao\/rna.ao\/wp-content\/uploads\/2022\/06\/79a77534088c7185698093bff4c89883_XL-370x370.jpg\"\n\t\t\t\t\t\tdata-qtmplayer-file=\"https:\/\/rna.ao\/rna.ao\/wp-content\/uploads\/2022\/06\/FEDERICO-JAMBA-LIMA-IGAE.mp3\"\n\t\t\t\t\t\tdata-qtmplayer-title=\"Detido funcion\u00e1rio da administra\u00e7\u00e3o do Distrito da Vila-Flor por suborno\"\n\t\t\t\t\t\tdata-qtmplayer-artist=\"RNA\"\n\t\t\t\t\t\tdata-qtmplayer-link=\"https:\/\/rna.ao\/rna.ao\/2022\/06\/21\/detido-funcionario-da-administracao-do-distrito-da-vila-flor-por-suborno\/\"\n\t\t\t\t\t\tdata-qtmplayer-icon=\"file_download\"\n\t\t\t\t\t\tdata-qtmplayer-type=\"track\"\n\t\t\t class=\"qtmplayer-play qtmplayer-link-sec qtmplayer-play-btn\"><i class='material-icons'>play_arrow<\/i><\/span>\n\t\t<p>\n\t\t\t<span class=\"qtmplayer-tit\">Detido funcion\u00e1rio da administra\u00e7\u00e3o do Distrito da Vila-Flor por suborno<\/span>\n\t\t\t<span class=\"qtmplayer-art\">RNA<\/span>\n\t\t<\/p>\n\t<\/li>\n\t\t<\/ul>\n\t<\/div>\t\t\t\n\t\n<p><strong>\u00a0<\/strong><\/p>\n","protected":false},"excerpt":{"rendered":"<p>A Inspec\u00e7\u00e3o Geral da Administra\u00e7\u00e3o do Estado, &#8220;IGAI&#8221;, procedeu junto do SIC, a deten\u00e7\u00e3o de um cidad\u00e3o de 29 anos de idade, funcion\u00e1rio da Administra\u00e7\u00e3o do Distrito Urbano da Vila-Flor, Munic\u00edpio de Viana, por tentativa de extors\u00e3o. Quem confirma \u00e9 o inspetor do IGAI, Frederico Jamba Lima.\u00a0Clique, no \u00e1udio abaixo, ...<\/p>\n","protected":false},"author":8,"featured_media":66930,"comment_status":"closed","ping_status":"closed","sticky":false,"template":"","format":"standard","meta":[],"categories":[141,133],"tags":[],"_links":{"self":[{"href":"https:\/\/rna.ao\/rna.ao\/wp-json\/wp\/v2\/posts\/66928"}],"collection":[{"href":"https:\/\/rna.ao\/rna.ao\/wp-json\/wp\/v2\/posts"}],"about":[{"href":"https:\/\/rna.ao\/rna.ao\/wp-json\/wp\/v2\/types\/post"}],"author":[{"embeddable":true,"href":"https:\/\/rna.ao\/rna.ao\/wp-json\/wp\/v2\/users\/8"}],"replies":[{"embeddable":true,"href":"https:\/\/rna.ao\/rna.ao\/wp-json\/wp\/v2\/comments?post=66928"}],"version-history":[{"count":1,"href":"https:\/\/rna.ao\/rna.ao\/wp-json\/wp\/v2\/posts\/66928\/revisions"}],"predecessor-version":[{"id":66932,"href":"https:\/\/rna.ao\/rna.ao\/wp-json\/wp\/v2\/posts\/66928\/revisions\/66932"}],"wp:featuredmedia":[{"embeddable":true,"href":"https:\/\/rna.ao\/rna.ao\/wp-json\/wp\/v2\/media\/66930"}],"wp:attachment":[{"href":"https:\/\/rna.ao\/rna.ao\/wp-json\/wp\/v2\/media?parent=66928"}],"wp:term":[{"taxonomy":"category","embeddable":true,"href":"https:\/\/rna.ao\/rna.ao\/wp-json\/wp\/v2\/categories?post=66928"},{"taxonomy":"post_tag","embeddable":true,"href":"https:\/\/rna.ao\/rna.ao\/wp-json\/wp\/v2\/tags?post=66928"}],"curies":[{"name":"wp","href":"https:\/\/api.w.org\/{rel}","templated":true}]}}