{"id":66923,"date":"2022-06-21T12:00:10","date_gmt":"2022-06-21T11:00:10","guid":{"rendered":"https:\/\/rna.ao\/rna.ao\/?p=66923"},"modified":"2022-06-21T12:00:10","modified_gmt":"2022-06-21T11:00:10","slug":"sic-deteve-cidada-que-se-dedicava-ao-aluguer-de-armas-de-fogo","status":"publish","type":"post","link":"https:\/\/rna.ao\/rna.ao\/2022\/06\/21\/sic-deteve-cidada-que-se-dedicava-ao-aluguer-de-armas-de-fogo\/","title":{"rendered":"SIC deteve cidad\u00e3 que se dedicava ao aluguer de armas de fogo"},"content":{"rendered":"<p><img loading=\"lazy\" class=\"size-full wp-image-66926 aligncenter\" src=\"https:\/\/rna.ao\/rna.ao\/wp-content\/uploads\/2022\/06\/56098765_303.jpg\" alt=\"\" width=\"700\" height=\"394\" \/>O Servi\u00e7o de Investiga\u00e7\u00e3o Criminal, &#8220;SIC&#8221;, atrav\u00e9s do seu departamento de combate aos crimes de roubos e furtos de viaturas, deteve dois cidad\u00e3os nacionais de 30 e 34 de idade que se dedicavam na pr\u00e1tica de assaltos a resid\u00eancias. Dentre os envolvidos, esta uma cidad\u00e3, empregada dom\u00e9stica de profiss\u00e3o, que alugava armas de fogo a uma quadrilha para cometimento de crimes. A confirma\u00e7\u00e3o \u00e9 do porta-voz do SIC Luanda Fernando Carvalho.\u00a0Clique, no \u00e1udio abaixo, e ou\u00e7a:<\/p>\n\t<div class=\"qtmplayer-playlist-large\">\n\t\t<ul class=\"qtmplayer-playlist\">\n\t\t\t\n\t\t\t\t\t<li class=\"qtmplayer-trackitem\">\n\t\t<img src=\"https:\/\/rna.ao\/rna.ao\/wp-content\/uploads\/2022\/06\/em-pleno-dia-dos-namorados-mulher-desvia-577-milhoes-de-kwanzas_1644847286-b-100x100.jpg\" alt=\"cover\">\t\t<span \t\t\tdata-qtmplayer-cover=\"https:\/\/rna.ao\/rna.ao\/wp-content\/uploads\/2022\/06\/em-pleno-dia-dos-namorados-mulher-desvia-577-milhoes-de-kwanzas_1644847286-b-370x370.jpg\"\n\t\t\t\t\t\tdata-qtmplayer-file=\"https:\/\/rna.ao\/rna.ao\/wp-content\/uploads\/2022\/06\/FERNADO-CARVALHO-SIC.mp3\"\n\t\t\t\t\t\tdata-qtmplayer-title=\"SIC deteve cidad\u00e3 que se dedicava ao aluguer de armas de fogo\"\n\t\t\t\t\t\tdata-qtmplayer-artist=\"RNA\"\n\t\t\t\t\t\tdata-qtmplayer-link=\"https:\/\/rna.ao\/rna.ao\/2022\/06\/21\/sic-deteve-cidada-que-se-dedicava-ao-aluguer-de-armas-de-fogo\/\"\n\t\t\t\t\t\tdata-qtmplayer-icon=\"file_download\"\n\t\t\t\t\t\tdata-qtmplayer-type=\"track\"\n\t\t\t class=\"qtmplayer-play qtmplayer-link-sec qtmplayer-play-btn\"><i class='material-icons'>play_arrow<\/i><\/span>\n\t\t<p>\n\t\t\t<span class=\"qtmplayer-tit\">SIC deteve cidad\u00e3 que se dedicava ao aluguer de armas de fogo<\/span>\n\t\t\t<span class=\"qtmplayer-art\">RNA<\/span>\n\t\t<\/p>\n\t<\/li>\n\t\t<\/ul>\n\t<\/div>\t\t\t\n\t\n","protected":false},"excerpt":{"rendered":"<p>O Servi\u00e7o de Investiga\u00e7\u00e3o Criminal, &#8220;SIC&#8221;, atrav\u00e9s do seu departamento de combate aos crimes de roubos e furtos de viaturas, deteve dois cidad\u00e3os nacionais de 30 e 34 de idade que se dedicavam na pr\u00e1tica de assaltos a resid\u00eancias. Dentre os envolvidos, esta uma cidad\u00e3, empregada dom\u00e9stica de profiss\u00e3o, que ...<\/p>\n","protected":false},"author":8,"featured_media":66925,"comment_status":"closed","ping_status":"closed","sticky":false,"template":"","format":"standard","meta":[],"categories":[141,133],"tags":[],"_links":{"self":[{"href":"https:\/\/rna.ao\/rna.ao\/wp-json\/wp\/v2\/posts\/66923"}],"collection":[{"href":"https:\/\/rna.ao\/rna.ao\/wp-json\/wp\/v2\/posts"}],"about":[{"href":"https:\/\/rna.ao\/rna.ao\/wp-json\/wp\/v2\/types\/post"}],"author":[{"embeddable":true,"href":"https:\/\/rna.ao\/rna.ao\/wp-json\/wp\/v2\/users\/8"}],"replies":[{"embeddable":true,"href":"https:\/\/rna.ao\/rna.ao\/wp-json\/wp\/v2\/comments?post=66923"}],"version-history":[{"count":1,"href":"https:\/\/rna.ao\/rna.ao\/wp-json\/wp\/v2\/posts\/66923\/revisions"}],"predecessor-version":[{"id":66927,"href":"https:\/\/rna.ao\/rna.ao\/wp-json\/wp\/v2\/posts\/66923\/revisions\/66927"}],"wp:featuredmedia":[{"embeddable":true,"href":"https:\/\/rna.ao\/rna.ao\/wp-json\/wp\/v2\/media\/66925"}],"wp:attachment":[{"href":"https:\/\/rna.ao\/rna.ao\/wp-json\/wp\/v2\/media?parent=66923"}],"wp:term":[{"taxonomy":"category","embeddable":true,"href":"https:\/\/rna.ao\/rna.ao\/wp-json\/wp\/v2\/categories?post=66923"},{"taxonomy":"post_tag","embeddable":true,"href":"https:\/\/rna.ao\/rna.ao\/wp-json\/wp\/v2\/tags?post=66923"}],"curies":[{"name":"wp","href":"https:\/\/api.w.org\/{rel}","templated":true}]}}