{"id":66891,"date":"2022-06-21T10:04:49","date_gmt":"2022-06-21T09:04:49","guid":{"rendered":"https:\/\/rna.ao\/rna.ao\/?p=66891"},"modified":"2022-06-21T10:36:25","modified_gmt":"2022-06-21T09:36:25","slug":"tudo-que-comeca-tambem-termina-ricardo-estevao-job","status":"publish","type":"post","link":"https:\/\/rna.ao\/rna.ao\/2022\/06\/21\/tudo-que-comeca-tambem-termina-ricardo-estevao-job\/","title":{"rendered":"&#8220;Tudo que come\u00e7a, tamb\u00e9m termina &#8221; Ricardo Estev\u00e3o &#8220;Job&#8221;"},"content":{"rendered":"<p><img loading=\"lazy\" class=\"size-full wp-image-66894 aligncenter\" src=\"https:\/\/rna.ao\/rna.ao\/wp-content\/uploads\/2022\/06\/PSX_20210203_202536.jpg\" alt=\"\" width=\"658\" height=\"555\" \/>A fam\u00edlia tricolor do Petro Atl\u00e9tico de Luanda continua no espanto, pelo facto de um dos seus atletas ter terminado a carreira t\u00e3o cedo. Aos 34 anos de idade, Ricardo Estev\u00e3o &#8220;Job&#8221;, o conhecido nas lides futebol\u00edsticas nacionais e pela fam\u00edlia tricolor, como &#8220;Puto Maravilha&#8221;, 18 anos depois despede-se dos relvados e pendura as botas. Clique, no \u00e1udio abaixo, e ou\u00e7a mais dados na reportagem do Mateus Lu\u00eds:<\/p>\n\t<div class=\"qtmplayer-playlist-large\">\n\t\t<ul class=\"qtmplayer-playlist\">\n\t\t\t\n\t\t\t\t\t<li class=\"qtmplayer-trackitem\">\n\t\t<img src=\"https:\/\/rna.ao\/rna.ao\/wp-content\/uploads\/2022\/06\/20151003103412aniversario-100x100.jpg\" alt=\"cover\">\t\t<span \t\t\tdata-qtmplayer-cover=\"https:\/\/rna.ao\/rna.ao\/wp-content\/uploads\/2022\/06\/20151003103412aniversario.jpg\"\n\t\t\t\t\t\tdata-qtmplayer-file=\"https:\/\/rna.ao\/rna.ao\/wp-content\/uploads\/2022\/06\/PA-MATEUS-LUIS-21-06-2022.mp3\"\n\t\t\t\t\t\tdata-qtmplayer-title=\"&#8220;Tudo que come\u00e7a, tamb\u00e9m termina &#8221; Ricardo Estev\u00e3o &#8220;Job&#8221;\"\n\t\t\t\t\t\tdata-qtmplayer-artist=\"RNA\"\n\t\t\t\t\t\tdata-qtmplayer-link=\"https:\/\/rna.ao\/rna.ao\/2022\/06\/21\/tudo-que-comeca-tambem-termina-ricardo-estevao-job\/\"\n\t\t\t\t\t\tdata-qtmplayer-icon=\"file_download\"\n\t\t\t\t\t\tdata-qtmplayer-type=\"track\"\n\t\t\t class=\"qtmplayer-play qtmplayer-link-sec qtmplayer-play-btn\"><i class='material-icons'>play_arrow<\/i><\/span>\n\t\t<p>\n\t\t\t<span class=\"qtmplayer-tit\">&#8220;Tudo que come\u00e7a, tamb\u00e9m termina &#8221; Ricardo Estev\u00e3o &#8220;Job&#8221;<\/span>\n\t\t\t<span class=\"qtmplayer-art\">RNA<\/span>\n\t\t<\/p>\n\t<\/li>\n\t\t<\/ul>\n\t<\/div>\t\t\t\n\t\n","protected":false},"excerpt":{"rendered":"<p>A fam\u00edlia tricolor do Petro Atl\u00e9tico de Luanda continua no espanto, pelo facto de um dos seus atletas ter terminado a carreira t\u00e3o cedo. Aos 34 anos de idade, Ricardo Estev\u00e3o &#8220;Job&#8221;, o conhecido nas lides futebol\u00edsticas nacionais e pela fam\u00edlia tricolor, como &#8220;Puto Maravilha&#8221;, 18 anos depois despede-se dos ...<\/p>\n","protected":false},"author":8,"featured_media":66895,"comment_status":"closed","ping_status":"closed","sticky":false,"template":"","format":"standard","meta":[],"categories":[145,125,164],"tags":[],"_links":{"self":[{"href":"https:\/\/rna.ao\/rna.ao\/wp-json\/wp\/v2\/posts\/66891"}],"collection":[{"href":"https:\/\/rna.ao\/rna.ao\/wp-json\/wp\/v2\/posts"}],"about":[{"href":"https:\/\/rna.ao\/rna.ao\/wp-json\/wp\/v2\/types\/post"}],"author":[{"embeddable":true,"href":"https:\/\/rna.ao\/rna.ao\/wp-json\/wp\/v2\/users\/8"}],"replies":[{"embeddable":true,"href":"https:\/\/rna.ao\/rna.ao\/wp-json\/wp\/v2\/comments?post=66891"}],"version-history":[{"count":2,"href":"https:\/\/rna.ao\/rna.ao\/wp-json\/wp\/v2\/posts\/66891\/revisions"}],"predecessor-version":[{"id":66916,"href":"https:\/\/rna.ao\/rna.ao\/wp-json\/wp\/v2\/posts\/66891\/revisions\/66916"}],"wp:featuredmedia":[{"embeddable":true,"href":"https:\/\/rna.ao\/rna.ao\/wp-json\/wp\/v2\/media\/66895"}],"wp:attachment":[{"href":"https:\/\/rna.ao\/rna.ao\/wp-json\/wp\/v2\/media?parent=66891"}],"wp:term":[{"taxonomy":"category","embeddable":true,"href":"https:\/\/rna.ao\/rna.ao\/wp-json\/wp\/v2\/categories?post=66891"},{"taxonomy":"post_tag","embeddable":true,"href":"https:\/\/rna.ao\/rna.ao\/wp-json\/wp\/v2\/tags?post=66891"}],"curies":[{"name":"wp","href":"https:\/\/api.w.org\/{rel}","templated":true}]}}