{"id":65319,"date":"2022-06-09T10:41:10","date_gmt":"2022-06-09T09:41:10","guid":{"rendered":"https:\/\/rna.ao\/rna.ao\/?p=65319"},"modified":"2022-06-09T12:52:24","modified_gmt":"2022-06-09T11:52:24","slug":"cne-lanca-hoje-campanha-de-educacao-civica-eleitoral-para-as-eleicoes-gerais-de-24-de-agosto","status":"publish","type":"post","link":"https:\/\/rna.ao\/rna.ao\/2022\/06\/09\/cne-lanca-hoje-campanha-de-educacao-civica-eleitoral-para-as-eleicoes-gerais-de-24-de-agosto\/","title":{"rendered":"CNE lan\u00e7a hoje campanha de educa\u00e7\u00e3o c\u00edvica eleitoral para as elei\u00e7\u00f5es gerais de 24 de Agosto"},"content":{"rendered":"<p><img loading=\"lazy\" class=\"size-full wp-image-63568 aligncenter\" src=\"https:\/\/rna.ao\/rna.ao\/wp-content\/uploads\/2022\/05\/sede_cne_1882802149623f13840ea76.jpg\" alt=\"\" width=\"620\" height=\"354\" \/>A Comiss\u00e3o Nacional Eleitoral, &#8220;CNE&#8221;, procede hoje, 9 de Julho, ao lan\u00e7amento da campanha de educa\u00e7\u00e3o c\u00edvica eleitoral, para as elei\u00e7\u00f5es gerais do dia 24 de Agosto deste ano (2022). Esta campanha dar\u00e1 in\u00edcio ao processo de forma\u00e7\u00e3o dos agentes, que ter\u00e3o a miss\u00e3o de sensibilizar os cidad\u00e3os sobre as varias fases que v\u00e3o marcar o processo eleitoral. Clique, no \u00e1udio abaixo, e ou\u00e7a mais dados na reportagem do Daniel Marques:<\/p>\n\t<div class=\"qtmplayer-playlist-large\">\n\t\t<ul class=\"qtmplayer-playlist\">\n\t\t\t\n\t\t\t\t\t<li class=\"qtmplayer-trackitem\">\n\t\t<img src=\"https:\/\/rna.ao\/rna.ao\/wp-content\/uploads\/2021\/08\/CNE-Sede-Luanda-100x100.jpg\" alt=\"cover\">\t\t<span \t\t\tdata-qtmplayer-cover=\"https:\/\/rna.ao\/rna.ao\/wp-content\/uploads\/2021\/08\/CNE-Sede-Luanda.jpg\"\n\t\t\t\t\t\tdata-qtmplayer-file=\"https:\/\/rna.ao\/rna.ao\/wp-content\/uploads\/2022\/06\/DANIEL-MARQUES-CNE-07-HRS.mp3\"\n\t\t\t\t\t\tdata-qtmplayer-title=\"CNE lan\u00e7a hoje campanha de educa\u00e7\u00e3o c\u00edvica eleitoral para as elei\u00e7\u00f5es gerais de 24 de Agosto\"\n\t\t\t\t\t\tdata-qtmplayer-artist=\"RNA\"\n\t\t\t\t\t\tdata-qtmplayer-link=\"https:\/\/rna.ao\/rna.ao\/2022\/06\/09\/cne-lanca-hoje-campanha-de-educacao-civica-eleitoral-para-as-eleicoes-gerais-de-24-de-agosto\/\"\n\t\t\t\t\t\tdata-qtmplayer-icon=\"file_download\"\n\t\t\t\t\t\tdata-qtmplayer-type=\"track\"\n\t\t\t class=\"qtmplayer-play qtmplayer-link-sec qtmplayer-play-btn\"><i class='material-icons'>play_arrow<\/i><\/span>\n\t\t<p>\n\t\t\t<span class=\"qtmplayer-tit\">CNE lan\u00e7a hoje campanha de educa\u00e7\u00e3o c\u00edvica eleitoral para as elei\u00e7\u00f5es gerais de 24 de Agosto<\/span>\n\t\t\t<span class=\"qtmplayer-art\">RNA<\/span>\n\t\t<\/p>\n\t<\/li>\n\t\t<\/ul>\n\t<\/div>\t\t\t\n\t\n<p>&nbsp;<\/p>\n","protected":false},"excerpt":{"rendered":"<p>A Comiss\u00e3o Nacional Eleitoral, &#8220;CNE&#8221;, procede hoje, 9 de Julho, ao lan\u00e7amento da campanha de educa\u00e7\u00e3o c\u00edvica eleitoral, para as elei\u00e7\u00f5es gerais do dia 24 de Agosto deste ano (2022). Esta campanha dar\u00e1 in\u00edcio ao processo de forma\u00e7\u00e3o dos agentes, que ter\u00e3o a miss\u00e3o de sensibilizar os cidad\u00e3os sobre as ...<\/p>\n","protected":false},"author":8,"featured_media":33777,"comment_status":"closed","ping_status":"closed","sticky":false,"template":"","format":"standard","meta":[],"categories":[142,121,163],"tags":[],"_links":{"self":[{"href":"https:\/\/rna.ao\/rna.ao\/wp-json\/wp\/v2\/posts\/65319"}],"collection":[{"href":"https:\/\/rna.ao\/rna.ao\/wp-json\/wp\/v2\/posts"}],"about":[{"href":"https:\/\/rna.ao\/rna.ao\/wp-json\/wp\/v2\/types\/post"}],"author":[{"embeddable":true,"href":"https:\/\/rna.ao\/rna.ao\/wp-json\/wp\/v2\/users\/8"}],"replies":[{"embeddable":true,"href":"https:\/\/rna.ao\/rna.ao\/wp-json\/wp\/v2\/comments?post=65319"}],"version-history":[{"count":2,"href":"https:\/\/rna.ao\/rna.ao\/wp-json\/wp\/v2\/posts\/65319\/revisions"}],"predecessor-version":[{"id":65378,"href":"https:\/\/rna.ao\/rna.ao\/wp-json\/wp\/v2\/posts\/65319\/revisions\/65378"}],"wp:featuredmedia":[{"embeddable":true,"href":"https:\/\/rna.ao\/rna.ao\/wp-json\/wp\/v2\/media\/33777"}],"wp:attachment":[{"href":"https:\/\/rna.ao\/rna.ao\/wp-json\/wp\/v2\/media?parent=65319"}],"wp:term":[{"taxonomy":"category","embeddable":true,"href":"https:\/\/rna.ao\/rna.ao\/wp-json\/wp\/v2\/categories?post=65319"},{"taxonomy":"post_tag","embeddable":true,"href":"https:\/\/rna.ao\/rna.ao\/wp-json\/wp\/v2\/tags?post=65319"}],"curies":[{"name":"wp","href":"https:\/\/api.w.org\/{rel}","templated":true}]}}