{"id":65281,"date":"2022-06-09T09:43:04","date_gmt":"2022-06-09T08:43:04","guid":{"rendered":"https:\/\/rna.ao\/rna.ao\/?p=65281"},"modified":"2022-06-09T09:55:55","modified_gmt":"2022-06-09T08:55:55","slug":"fazenda-vinevala-pretende-colher-quatro-mil-toneladas-de-trigo-ate-final-de-junho","status":"publish","type":"post","link":"https:\/\/rna.ao\/rna.ao\/2022\/06\/09\/fazenda-vinevala-pretende-colher-quatro-mil-toneladas-de-trigo-ate-final-de-junho\/","title":{"rendered":"Fazenda Vinevala pretende colher quatro mil toneladas de trigo at\u00e9 final de Junho"},"content":{"rendered":"<p><img loading=\"lazy\" class=\"size-full wp-image-65287 alignleft\" src=\"https:\/\/rna.ao\/rna.ao\/wp-content\/uploads\/2022\/06\/download-10.jpg\" alt=\"\" width=\"285\" height=\"177\" \/>Quatro mil toneladas de trigos ser\u00e3o colhidas, at\u00e9 final deste m\u00eas, pela Fazenda Vinevala, localizada na Prov\u00edncia do Bi\u00e9. O produto vai refor\u00e7ar o mercado nacional com este importante cereal. Clique, no \u00e1udio abaixo, e ou\u00e7a mais dados na reportagem da Fadilha Custodia:<\/p>\n\t<div class=\"qtmplayer-playlist-large\">\n\t\t<ul class=\"qtmplayer-playlist\">\n\t\t\t\n\t\t\t\t\t<li class=\"qtmplayer-trackitem\">\n\t\t<img src=\"https:\/\/rna.ao\/rna.ao\/wp-content\/uploads\/2022\/06\/harvester-tractor-wheat-agriculture-farm-harvest-machine-fieldwork-rural-100x100.jpg\" alt=\"cover\">\t\t<span \t\t\tdata-qtmplayer-cover=\"https:\/\/rna.ao\/rna.ao\/wp-content\/uploads\/2022\/06\/harvester-tractor-wheat-agriculture-farm-harvest-machine-fieldwork-rural-370x370.jpg\"\n\t\t\t\t\t\tdata-qtmplayer-file=\"https:\/\/rna.ao\/rna.ao\/wp-content\/uploads\/2022\/06\/BIE-TRIGO-7HRS.mp3\"\n\t\t\t\t\t\tdata-qtmplayer-title=\"Fazenda Vinevala pretende colher quatro mil toneladas de trigo at\u00e9 final de Junho\"\n\t\t\t\t\t\tdata-qtmplayer-artist=\"RNA\"\n\t\t\t\t\t\tdata-qtmplayer-link=\"https:\/\/rna.ao\/rna.ao\/2022\/06\/09\/fazenda-vinevala-pretende-colher-quatro-mil-toneladas-de-trigo-ate-final-de-junho\/\"\n\t\t\t\t\t\tdata-qtmplayer-icon=\"file_download\"\n\t\t\t\t\t\tdata-qtmplayer-type=\"track\"\n\t\t\t class=\"qtmplayer-play qtmplayer-link-sec qtmplayer-play-btn\"><i class='material-icons'>play_arrow<\/i><\/span>\n\t\t<p>\n\t\t\t<span class=\"qtmplayer-tit\">Fazenda Vinevala pretende colher quatro mil toneladas de trigo at\u00e9 final de Junho<\/span>\n\t\t\t<span class=\"qtmplayer-art\">RNA<\/span>\n\t\t<\/p>\n\t<\/li>\n\t\t<\/ul>\n\t<\/div>\t\t\t\n\t\n","protected":false},"excerpt":{"rendered":"<p>Quatro mil toneladas de trigos ser\u00e3o colhidas, at\u00e9 final deste m\u00eas, pela Fazenda Vinevala, localizada na Prov\u00edncia do Bi\u00e9. O produto vai refor\u00e7ar o mercado nacional com este importante cereal. Clique, no \u00e1udio abaixo, e ou\u00e7a mais dados na reportagem da Fadilha Custodia:<\/p>\n","protected":false},"author":8,"featured_media":65289,"comment_status":"closed","ping_status":"closed","sticky":false,"template":"","format":"standard","meta":[],"categories":[1],"tags":[],"_links":{"self":[{"href":"https:\/\/rna.ao\/rna.ao\/wp-json\/wp\/v2\/posts\/65281"}],"collection":[{"href":"https:\/\/rna.ao\/rna.ao\/wp-json\/wp\/v2\/posts"}],"about":[{"href":"https:\/\/rna.ao\/rna.ao\/wp-json\/wp\/v2\/types\/post"}],"author":[{"embeddable":true,"href":"https:\/\/rna.ao\/rna.ao\/wp-json\/wp\/v2\/users\/8"}],"replies":[{"embeddable":true,"href":"https:\/\/rna.ao\/rna.ao\/wp-json\/wp\/v2\/comments?post=65281"}],"version-history":[{"count":2,"href":"https:\/\/rna.ao\/rna.ao\/wp-json\/wp\/v2\/posts\/65281\/revisions"}],"predecessor-version":[{"id":65310,"href":"https:\/\/rna.ao\/rna.ao\/wp-json\/wp\/v2\/posts\/65281\/revisions\/65310"}],"wp:featuredmedia":[{"embeddable":true,"href":"https:\/\/rna.ao\/rna.ao\/wp-json\/wp\/v2\/media\/65289"}],"wp:attachment":[{"href":"https:\/\/rna.ao\/rna.ao\/wp-json\/wp\/v2\/media?parent=65281"}],"wp:term":[{"taxonomy":"category","embeddable":true,"href":"https:\/\/rna.ao\/rna.ao\/wp-json\/wp\/v2\/categories?post=65281"},{"taxonomy":"post_tag","embeddable":true,"href":"https:\/\/rna.ao\/rna.ao\/wp-json\/wp\/v2\/tags?post=65281"}],"curies":[{"name":"wp","href":"https:\/\/api.w.org\/{rel}","templated":true}]}}