{"id":65267,"date":"2022-06-09T09:33:22","date_gmt":"2022-06-09T08:33:22","guid":{"rendered":"https:\/\/rna.ao\/rna.ao\/?p=65267"},"modified":"2022-06-09T09:40:56","modified_gmt":"2022-06-09T08:40:56","slug":"mais-de-dez-mil-familias-vulneraveis-nas-localidades-de-botera-e-celes-vao-beneficiar-do-programa-kwenda","status":"publish","type":"post","link":"https:\/\/rna.ao\/rna.ao\/2022\/06\/09\/mais-de-dez-mil-familias-vulneraveis-nas-localidades-de-botera-e-celes-vao-beneficiar-do-programa-kwenda\/","title":{"rendered":"Mais de dez mil fam\u00edlias vulner\u00e1veis nas localidades de Botera e Celes, v\u00e3o beneficiar do programa Kwenda"},"content":{"rendered":"<p><img loading=\"lazy\" class=\"size-full wp-image-65276 aligncenter\" src=\"https:\/\/rna.ao\/rna.ao\/wp-content\/uploads\/2022\/06\/kwenda_.jpg\" alt=\"\" width=\"620\" height=\"355\" \/>O Programa de Fortalecimento do Sistema de Protec\u00e7\u00e3o Social, &#8220;Kwenda&#8221;, est\u00e1 em franca expans\u00e3o na Prov\u00edncia do Cuanza-Sul. A segunda e terceira fases do projecto v\u00e3o beneficiar mais de dez mil fam\u00edlias vulner\u00e1veis, nas localidades de Botera e Celes. Clique, no \u00e1udio abaixo, e ou\u00e7a mais dados na reportagem do Avelino Palanca:<\/p>\n\t<div class=\"qtmplayer-playlist-large\">\n\t\t<ul class=\"qtmplayer-playlist\">\n\t\t\t\n\t\t\t\t\t<li class=\"qtmplayer-trackitem\">\n\t\t<img src=\"https:\/\/rna.ao\/rna.ao\/wp-content\/uploads\/2022\/06\/Kwenda-100x100.jpg\" alt=\"cover\">\t\t<span \t\t\tdata-qtmplayer-cover=\"https:\/\/rna.ao\/rna.ao\/wp-content\/uploads\/2022\/06\/Kwenda-370x370.jpg\"\n\t\t\t\t\t\tdata-qtmplayer-file=\"https:\/\/rna.ao\/rna.ao\/wp-content\/uploads\/2022\/06\/KWANZA-SUL-KWENDA-7HRS.mp3\"\n\t\t\t\t\t\tdata-qtmplayer-title=\"Mais de dez mil fam\u00edlias vulner\u00e1veis nas localidades de Botera e Celes, v\u00e3o beneficiar do programa Kwenda\"\n\t\t\t\t\t\tdata-qtmplayer-artist=\"RNA\"\n\t\t\t\t\t\tdata-qtmplayer-link=\"https:\/\/rna.ao\/rna.ao\/2022\/06\/09\/mais-de-dez-mil-familias-vulneraveis-nas-localidades-de-botera-e-celes-vao-beneficiar-do-programa-kwenda\/\"\n\t\t\t\t\t\tdata-qtmplayer-icon=\"file_download\"\n\t\t\t\t\t\tdata-qtmplayer-type=\"track\"\n\t\t\t class=\"qtmplayer-play qtmplayer-link-sec qtmplayer-play-btn\"><i class='material-icons'>play_arrow<\/i><\/span>\n\t\t<p>\n\t\t\t<span class=\"qtmplayer-tit\">Mais de dez mil fam\u00edlias vulner\u00e1veis nas localidades de Botera e Celes, v\u00e3o beneficiar do programa Kwenda<\/span>\n\t\t\t<span class=\"qtmplayer-art\">RNA<\/span>\n\t\t<\/p>\n\t<\/li>\n\t\t<\/ul>\n\t<\/div>\t\t\t\n\t\n","protected":false},"excerpt":{"rendered":"<p>O Programa de Fortalecimento do Sistema de Protec\u00e7\u00e3o Social, &#8220;Kwenda&#8221;, est\u00e1 em franca expans\u00e3o na Prov\u00edncia do Cuanza-Sul. A segunda e terceira fases do projecto v\u00e3o beneficiar mais de dez mil fam\u00edlias vulner\u00e1veis, nas localidades de Botera e Celes. Clique, no \u00e1udio abaixo, e ou\u00e7a mais dados na reportagem do ...<\/p>\n","protected":false},"author":8,"featured_media":65275,"comment_status":"closed","ping_status":"closed","sticky":false,"template":"","format":"standard","meta":[],"categories":[142,121,163],"tags":[],"_links":{"self":[{"href":"https:\/\/rna.ao\/rna.ao\/wp-json\/wp\/v2\/posts\/65267"}],"collection":[{"href":"https:\/\/rna.ao\/rna.ao\/wp-json\/wp\/v2\/posts"}],"about":[{"href":"https:\/\/rna.ao\/rna.ao\/wp-json\/wp\/v2\/types\/post"}],"author":[{"embeddable":true,"href":"https:\/\/rna.ao\/rna.ao\/wp-json\/wp\/v2\/users\/8"}],"replies":[{"embeddable":true,"href":"https:\/\/rna.ao\/rna.ao\/wp-json\/wp\/v2\/comments?post=65267"}],"version-history":[{"count":2,"href":"https:\/\/rna.ao\/rna.ao\/wp-json\/wp\/v2\/posts\/65267\/revisions"}],"predecessor-version":[{"id":65288,"href":"https:\/\/rna.ao\/rna.ao\/wp-json\/wp\/v2\/posts\/65267\/revisions\/65288"}],"wp:featuredmedia":[{"embeddable":true,"href":"https:\/\/rna.ao\/rna.ao\/wp-json\/wp\/v2\/media\/65275"}],"wp:attachment":[{"href":"https:\/\/rna.ao\/rna.ao\/wp-json\/wp\/v2\/media?parent=65267"}],"wp:term":[{"taxonomy":"category","embeddable":true,"href":"https:\/\/rna.ao\/rna.ao\/wp-json\/wp\/v2\/categories?post=65267"},{"taxonomy":"post_tag","embeddable":true,"href":"https:\/\/rna.ao\/rna.ao\/wp-json\/wp\/v2\/tags?post=65267"}],"curies":[{"name":"wp","href":"https:\/\/api.w.org\/{rel}","templated":true}]}}