{"id":65232,"date":"2022-06-09T08:04:47","date_gmt":"2022-06-09T07:04:47","guid":{"rendered":"https:\/\/rna.ao\/rna.ao\/?p=65232"},"modified":"2022-06-09T09:37:41","modified_gmt":"2022-06-09T08:37:41","slug":"ministerio-da-saude-e-o-banco-europeu-de-investimento-assinam-acordo-para-fortalecimento-da-saude-em-angola","status":"publish","type":"post","link":"https:\/\/rna.ao\/rna.ao\/2022\/06\/09\/ministerio-da-saude-e-o-banco-europeu-de-investimento-assinam-acordo-para-fortalecimento-da-saude-em-angola\/","title":{"rendered":"Minist\u00e9rio da Sa\u00fade e o Banco Europeu de investimento assinam acordo para fortalecimento da sa\u00fade em Angola"},"content":{"rendered":"<p><img loading=\"lazy\" class=\"size-full wp-image-65235 alignleft\" src=\"https:\/\/rna.ao\/rna.ao\/wp-content\/uploads\/2022\/06\/download-7.jpg\" alt=\"\" width=\"275\" height=\"183\" \/>Angola recebe, em breve, um empr\u00e9stimo de cinquenta milh\u00f5es de d\u00f3lares e a doa\u00e7\u00e3o de cinco milh\u00f5es de d\u00f3lares, o que dar\u00e1 um total de 55 milh\u00f5es de d\u00f3lares. A Ministra da Sa\u00fade, S\u00edlvia Lutukuta diz que esta verba ser\u00e1 para a implementa\u00e7\u00e3o de um projecto de resili\u00eancia na sa\u00fade, no \u00e2mbito da Covid \u2013 19, e vai melhorara o sistema de compras de outros produtos m\u00e9dicos. Clique no \u00e1udio e ou\u00e7a:<\/p>\n\t<div class=\"qtmplayer-playlist-large\">\n\t\t<ul class=\"qtmplayer-playlist\">\n\t\t\t\n\t\t\t\t\t<li class=\"qtmplayer-trackitem\">\n\t\t<img src=\"https:\/\/rna.ao\/rna.ao\/wp-content\/uploads\/2022\/06\/5e7493ac2dc13c416ab90a91_Si\u0301lvia-Lutucuta.-100x100.jpg\" alt=\"cover\">\t\t<span \t\t\tdata-qtmplayer-cover=\"https:\/\/rna.ao\/rna.ao\/wp-content\/uploads\/2022\/06\/5e7493ac2dc13c416ab90a91_Si\u0301lvia-Lutucuta.-370x370.jpg\"\n\t\t\t\t\t\tdata-qtmplayer-file=\"https:\/\/rna.ao\/rna.ao\/wp-content\/uploads\/2022\/06\/SILVIA-LUTUCUTA-6HS.mp3\"\n\t\t\t\t\t\tdata-qtmplayer-title=\"Minist\u00e9rio da Sa\u00fade e o Banco Europeu de investimento assinam acordo para fortalecimento da sa\u00fade em Angola\"\n\t\t\t\t\t\tdata-qtmplayer-artist=\"RNA\"\n\t\t\t\t\t\tdata-qtmplayer-link=\"https:\/\/rna.ao\/rna.ao\/2022\/06\/09\/ministerio-da-saude-e-o-banco-europeu-de-investimento-assinam-acordo-para-fortalecimento-da-saude-em-angola\/\"\n\t\t\t\t\t\tdata-qtmplayer-icon=\"file_download\"\n\t\t\t\t\t\tdata-qtmplayer-type=\"track\"\n\t\t\t class=\"qtmplayer-play qtmplayer-link-sec qtmplayer-play-btn\"><i class='material-icons'>play_arrow<\/i><\/span>\n\t\t<p>\n\t\t\t<span class=\"qtmplayer-tit\">Minist\u00e9rio da Sa\u00fade e o Banco Europeu de investimento assinam acordo para fortalecimento da sa\u00fade em Angola<\/span>\n\t\t\t<span class=\"qtmplayer-art\">RNA<\/span>\n\t\t<\/p>\n\t<\/li>\n\t\t<\/ul>\n\t<\/div>\t\t\t\n\t\n","protected":false},"excerpt":{"rendered":"<p>Angola recebe, em breve, um empr\u00e9stimo de cinquenta milh\u00f5es de d\u00f3lares e a doa\u00e7\u00e3o de cinco milh\u00f5es de d\u00f3lares, o que dar\u00e1 um total de 55 milh\u00f5es de d\u00f3lares. A Ministra da Sa\u00fade, S\u00edlvia Lutukuta diz que esta verba ser\u00e1 para a implementa\u00e7\u00e3o de um projecto de resili\u00eancia na sa\u00fade, ...<\/p>\n","protected":false},"author":8,"featured_media":65234,"comment_status":"closed","ping_status":"closed","sticky":false,"template":"","format":"standard","meta":[],"categories":[142,121,164,163],"tags":[],"_links":{"self":[{"href":"https:\/\/rna.ao\/rna.ao\/wp-json\/wp\/v2\/posts\/65232"}],"collection":[{"href":"https:\/\/rna.ao\/rna.ao\/wp-json\/wp\/v2\/posts"}],"about":[{"href":"https:\/\/rna.ao\/rna.ao\/wp-json\/wp\/v2\/types\/post"}],"author":[{"embeddable":true,"href":"https:\/\/rna.ao\/rna.ao\/wp-json\/wp\/v2\/users\/8"}],"replies":[{"embeddable":true,"href":"https:\/\/rna.ao\/rna.ao\/wp-json\/wp\/v2\/comments?post=65232"}],"version-history":[{"count":2,"href":"https:\/\/rna.ao\/rna.ao\/wp-json\/wp\/v2\/posts\/65232\/revisions"}],"predecessor-version":[{"id":65283,"href":"https:\/\/rna.ao\/rna.ao\/wp-json\/wp\/v2\/posts\/65232\/revisions\/65283"}],"wp:featuredmedia":[{"embeddable":true,"href":"https:\/\/rna.ao\/rna.ao\/wp-json\/wp\/v2\/media\/65234"}],"wp:attachment":[{"href":"https:\/\/rna.ao\/rna.ao\/wp-json\/wp\/v2\/media?parent=65232"}],"wp:term":[{"taxonomy":"category","embeddable":true,"href":"https:\/\/rna.ao\/rna.ao\/wp-json\/wp\/v2\/categories?post=65232"},{"taxonomy":"post_tag","embeddable":true,"href":"https:\/\/rna.ao\/rna.ao\/wp-json\/wp\/v2\/tags?post=65232"}],"curies":[{"name":"wp","href":"https:\/\/api.w.org\/{rel}","templated":true}]}}