{"id":65226,"date":"2022-06-09T07:50:26","date_gmt":"2022-06-09T06:50:26","guid":{"rendered":"https:\/\/rna.ao\/rna.ao\/?p=65226"},"modified":"2022-06-09T09:42:36","modified_gmt":"2022-06-09T08:42:36","slug":"seleccao-nacional-de-xadrez-convocada-para-as-olimpiadas-da-india-trabalha-arduamente-para-a-competicao","status":"publish","type":"post","link":"https:\/\/rna.ao\/rna.ao\/2022\/06\/09\/seleccao-nacional-de-xadrez-convocada-para-as-olimpiadas-da-india-trabalha-arduamente-para-a-competicao\/","title":{"rendered":"Selec\u00e7\u00e3o nacional de Xadrez convocada para as olimp\u00edadas da \u00cdndia trabalha arduamente para a competi\u00e7\u00e3o"},"content":{"rendered":"<p><img loading=\"lazy\" class=\"size-full wp-image-65229 aligncenter\" src=\"https:\/\/rna.ao\/rna.ao\/wp-content\/uploads\/2022\/06\/0ce3c7a2a-f132-4fb9-8cef-899803a62da6.jpg\" alt=\"\" width=\"640\" height=\"427\" \/>A selec\u00e7\u00e3o nacional de Xadrez, convocada para as Olimp\u00edadas da \u00cdndia, trabalha na sua prepara\u00e7\u00e3o para esta empreitada. De acordo com o vice-presidente da Federa\u00e7\u00e3o Angolana da modalidade, Ant\u00f3nio Assis, o trabalho, tendo em vista a referida competi\u00e7\u00e3o, h\u00e1 muito que come\u00e7ou. Clique no \u00e1udio abaixo e ou\u00e7a:<\/p>\n\t<div class=\"qtmplayer-playlist-large\">\n\t\t<ul class=\"qtmplayer-playlist\">\n\t\t\t\n\t\t\t\t\t<li class=\"qtmplayer-trackitem\">\n\t\t<img src=\"https:\/\/rna.ao\/rna.ao\/wp-content\/uploads\/2022\/06\/images-2-100x100.jpg\" alt=\"cover\">\t\t<span \t\t\tdata-qtmplayer-cover=\"https:\/\/rna.ao\/rna.ao\/wp-content\/uploads\/2022\/06\/images-2.jpg\"\n\t\t\t\t\t\tdata-qtmplayer-file=\"https:\/\/rna.ao\/rna.ao\/wp-content\/uploads\/2022\/06\/P-A-6-ANTONIO-ASSIS-08-06-22.mp3\"\n\t\t\t\t\t\tdata-qtmplayer-title=\"Selec\u00e7\u00e3o nacional de Xadrez convocada para as olimp\u00edadas da \u00cdndia trabalha arduamente para a competi\u00e7\u00e3o\"\n\t\t\t\t\t\tdata-qtmplayer-artist=\"RNA\"\n\t\t\t\t\t\tdata-qtmplayer-link=\"https:\/\/rna.ao\/rna.ao\/2022\/06\/09\/seleccao-nacional-de-xadrez-convocada-para-as-olimpiadas-da-india-trabalha-arduamente-para-a-competicao\/\"\n\t\t\t\t\t\tdata-qtmplayer-icon=\"file_download\"\n\t\t\t\t\t\tdata-qtmplayer-type=\"track\"\n\t\t\t class=\"qtmplayer-play qtmplayer-link-sec qtmplayer-play-btn\"><i class='material-icons'>play_arrow<\/i><\/span>\n\t\t<p>\n\t\t\t<span class=\"qtmplayer-tit\">Selec\u00e7\u00e3o nacional de Xadrez convocada para as olimp\u00edadas da \u00cdndia trabalha arduamente para a competi\u00e7\u00e3o<\/span>\n\t\t\t<span class=\"qtmplayer-art\">RNA<\/span>\n\t\t<\/p>\n\t<\/li>\n\t\t<\/ul>\n\t<\/div>\t\t\t\n\t\n<p>&nbsp;<\/p>\n","protected":false},"excerpt":{"rendered":"<p>A selec\u00e7\u00e3o nacional de Xadrez, convocada para as Olimp\u00edadas da \u00cdndia, trabalha na sua prepara\u00e7\u00e3o para esta empreitada. De acordo com o vice-presidente da Federa\u00e7\u00e3o Angolana da modalidade, Ant\u00f3nio Assis, o trabalho, tendo em vista a referida competi\u00e7\u00e3o, h\u00e1 muito que come\u00e7ou. Clique no \u00e1udio abaixo e ou\u00e7a: &nbsp;<\/p>\n","protected":false},"author":8,"featured_media":65228,"comment_status":"closed","ping_status":"closed","sticky":false,"template":"","format":"standard","meta":[],"categories":[145,125,164],"tags":[],"_links":{"self":[{"href":"https:\/\/rna.ao\/rna.ao\/wp-json\/wp\/v2\/posts\/65226"}],"collection":[{"href":"https:\/\/rna.ao\/rna.ao\/wp-json\/wp\/v2\/posts"}],"about":[{"href":"https:\/\/rna.ao\/rna.ao\/wp-json\/wp\/v2\/types\/post"}],"author":[{"embeddable":true,"href":"https:\/\/rna.ao\/rna.ao\/wp-json\/wp\/v2\/users\/8"}],"replies":[{"embeddable":true,"href":"https:\/\/rna.ao\/rna.ao\/wp-json\/wp\/v2\/comments?post=65226"}],"version-history":[{"count":3,"href":"https:\/\/rna.ao\/rna.ao\/wp-json\/wp\/v2\/posts\/65226\/revisions"}],"predecessor-version":[{"id":65291,"href":"https:\/\/rna.ao\/rna.ao\/wp-json\/wp\/v2\/posts\/65226\/revisions\/65291"}],"wp:featuredmedia":[{"embeddable":true,"href":"https:\/\/rna.ao\/rna.ao\/wp-json\/wp\/v2\/media\/65228"}],"wp:attachment":[{"href":"https:\/\/rna.ao\/rna.ao\/wp-json\/wp\/v2\/media?parent=65226"}],"wp:term":[{"taxonomy":"category","embeddable":true,"href":"https:\/\/rna.ao\/rna.ao\/wp-json\/wp\/v2\/categories?post=65226"},{"taxonomy":"post_tag","embeddable":true,"href":"https:\/\/rna.ao\/rna.ao\/wp-json\/wp\/v2\/tags?post=65226"}],"curies":[{"name":"wp","href":"https:\/\/api.w.org\/{rel}","templated":true}]}}