{"id":65218,"date":"2022-06-09T07:29:53","date_gmt":"2022-06-09T06:29:53","guid":{"rendered":"https:\/\/rna.ao\/rna.ao\/?p=65218"},"modified":"2022-06-09T09:46:59","modified_gmt":"2022-06-09T08:46:59","slug":"pepe-claros-faz-avaliacao-positiva-da-seleccao-nacional-de-basquetebol","status":"publish","type":"post","link":"https:\/\/rna.ao\/rna.ao\/2022\/06\/09\/pepe-claros-faz-avaliacao-positiva-da-seleccao-nacional-de-basquetebol\/","title":{"rendered":"Pepe Clar\u00f3s faz avalia\u00e7\u00e3o positiva da selec\u00e7\u00e3o nacional de basquetebol"},"content":{"rendered":"<p><img loading=\"lazy\" class=\"size-full wp-image-64729 aligncenter\" src=\"https:\/\/rna.ao\/rna.ao\/wp-content\/uploads\/2022\/06\/pep_claros_1167159626284c45ae0e54.jpg\" alt=\"\" width=\"620\" height=\"355\" \/>O treinador nacional de Basquetebol, Pepe Clar\u00f3s, concede esta quinta-feira, 09 de Junho, folga aos atletas que, na Provincia de Malanje, trabalham no cumprimento da primeira etapa de prepara\u00e7\u00e3o, visando a janela de Abidjan, na Costa do Marfim, selectiva ao Mundial do pr\u00f3ximo ano na \u00c1sia. Fazendo uma pequena avalia\u00e7\u00e3o a estes tr\u00eas dias cumpridos, o seleccionador sublinha o que j\u00e1 foi feito e o ambiente descontra\u00eddo que se vive no grupo. Clique no \u00e1udio abaixo e ou\u00e7a:<\/p>\n\t<div class=\"qtmplayer-playlist-large\">\n\t\t<ul class=\"qtmplayer-playlist\">\n\t\t\t\n\t\t\t\t\t<li class=\"qtmplayer-trackitem\">\n\t\t<img src=\"https:\/\/rna.ao\/rna.ao\/wp-content\/uploads\/2021\/11\/Pepe-Claros-100x100.jpg\" alt=\"cover\">\t\t<span \t\t\tdata-qtmplayer-cover=\"https:\/\/rna.ao\/rna.ao\/wp-content\/uploads\/2021\/11\/Pepe-Claros.jpg\"\n\t\t\t\t\t\tdata-qtmplayer-file=\"https:\/\/rna.ao\/rna.ao\/wp-content\/uploads\/2022\/06\/P-A-2-PEPE-CLAROS-08-06-22.mp3\"\n\t\t\t\t\t\tdata-qtmplayer-title=\"Pepe Clar\u00f3s faz avalia\u00e7\u00e3o positiva da selec\u00e7\u00e3o nacional de basquetebol\"\n\t\t\t\t\t\tdata-qtmplayer-artist=\"RNA\"\n\t\t\t\t\t\tdata-qtmplayer-link=\"https:\/\/rna.ao\/rna.ao\/2022\/06\/09\/pepe-claros-faz-avaliacao-positiva-da-seleccao-nacional-de-basquetebol\/\"\n\t\t\t\t\t\tdata-qtmplayer-icon=\"file_download\"\n\t\t\t\t\t\tdata-qtmplayer-type=\"track\"\n\t\t\t class=\"qtmplayer-play qtmplayer-link-sec qtmplayer-play-btn\"><i class='material-icons'>play_arrow<\/i><\/span>\n\t\t<p>\n\t\t\t<span class=\"qtmplayer-tit\">Pepe Clar\u00f3s faz avalia\u00e7\u00e3o positiva da selec\u00e7\u00e3o nacional de basquetebol<\/span>\n\t\t\t<span class=\"qtmplayer-art\">RNA<\/span>\n\t\t<\/p>\n\t<\/li>\n\t\t<\/ul>\n\t<\/div>\t\t\t\n\t\n<p>No seio dos atletas o ambiente \u00e9 bastante saud\u00e1vel, como se depreende das declara\u00e7\u00f5es do poste de 2:08 de altura, Sadrak Ganga, do Basquetebol universit\u00e1rio nos Estados Unidos da Am\u00e9rica. Clique no \u00e1udio abaixo e ou\u00e7a:<\/p>\n\t<div class=\"qtmplayer-playlist-large\">\n\t\t<ul class=\"qtmplayer-playlist\">\n\t\t\t\n\t\t\t\t\t<li class=\"qtmplayer-trackitem\">\n\t\t<img src=\"https:\/\/rna.ao\/rna.ao\/wp-content\/uploads\/2021\/11\/Pepe-Claros-100x100.jpg\" alt=\"cover\">\t\t<span \t\t\tdata-qtmplayer-cover=\"https:\/\/rna.ao\/rna.ao\/wp-content\/uploads\/2021\/11\/Pepe-Claros.jpg\"\n\t\t\t\t\t\tdata-qtmplayer-file=\"https:\/\/rna.ao\/rna.ao\/wp-content\/uploads\/2022\/06\/P-A-7-SADRACK-09-06-22.mp3\"\n\t\t\t\t\t\tdata-qtmplayer-title=\"Pepe Clar\u00f3s faz avalia\u00e7\u00e3o positiva da selec\u00e7\u00e3o nacional de basquetebol\"\n\t\t\t\t\t\tdata-qtmplayer-artist=\"RNA\"\n\t\t\t\t\t\tdata-qtmplayer-link=\"https:\/\/rna.ao\/rna.ao\/2022\/06\/09\/pepe-claros-faz-avaliacao-positiva-da-seleccao-nacional-de-basquetebol\/\"\n\t\t\t\t\t\tdata-qtmplayer-icon=\"file_download\"\n\t\t\t\t\t\tdata-qtmplayer-type=\"track\"\n\t\t\t class=\"qtmplayer-play qtmplayer-link-sec qtmplayer-play-btn\"><i class='material-icons'>play_arrow<\/i><\/span>\n\t\t<p>\n\t\t\t<span class=\"qtmplayer-tit\">Pepe Clar\u00f3s faz avalia\u00e7\u00e3o positiva da selec\u00e7\u00e3o nacional de basquetebol<\/span>\n\t\t\t<span class=\"qtmplayer-art\">RNA<\/span>\n\t\t<\/p>\n\t<\/li>\n\t\t<\/ul>\n\t<\/div>\t\t\t\n\t\n","protected":false},"excerpt":{"rendered":"<p>O treinador nacional de Basquetebol, Pepe Clar\u00f3s, concede esta quinta-feira, 09 de Junho, folga aos atletas que, na Provincia de Malanje, trabalham no cumprimento da primeira etapa de prepara\u00e7\u00e3o, visando a janela de Abidjan, na Costa do Marfim, selectiva ao Mundial do pr\u00f3ximo ano na \u00c1sia. Fazendo uma pequena avalia\u00e7\u00e3o ...<\/p>\n","protected":false},"author":8,"featured_media":43031,"comment_status":"closed","ping_status":"closed","sticky":false,"template":"","format":"standard","meta":[],"categories":[145,125,164],"tags":[],"_links":{"self":[{"href":"https:\/\/rna.ao\/rna.ao\/wp-json\/wp\/v2\/posts\/65218"}],"collection":[{"href":"https:\/\/rna.ao\/rna.ao\/wp-json\/wp\/v2\/posts"}],"about":[{"href":"https:\/\/rna.ao\/rna.ao\/wp-json\/wp\/v2\/types\/post"}],"author":[{"embeddable":true,"href":"https:\/\/rna.ao\/rna.ao\/wp-json\/wp\/v2\/users\/8"}],"replies":[{"embeddable":true,"href":"https:\/\/rna.ao\/rna.ao\/wp-json\/wp\/v2\/comments?post=65218"}],"version-history":[{"count":3,"href":"https:\/\/rna.ao\/rna.ao\/wp-json\/wp\/v2\/posts\/65218\/revisions"}],"predecessor-version":[{"id":65298,"href":"https:\/\/rna.ao\/rna.ao\/wp-json\/wp\/v2\/posts\/65218\/revisions\/65298"}],"wp:featuredmedia":[{"embeddable":true,"href":"https:\/\/rna.ao\/rna.ao\/wp-json\/wp\/v2\/media\/43031"}],"wp:attachment":[{"href":"https:\/\/rna.ao\/rna.ao\/wp-json\/wp\/v2\/media?parent=65218"}],"wp:term":[{"taxonomy":"category","embeddable":true,"href":"https:\/\/rna.ao\/rna.ao\/wp-json\/wp\/v2\/categories?post=65218"},{"taxonomy":"post_tag","embeddable":true,"href":"https:\/\/rna.ao\/rna.ao\/wp-json\/wp\/v2\/tags?post=65218"}],"curies":[{"name":"wp","href":"https:\/\/api.w.org\/{rel}","templated":true}]}}