{"id":65203,"date":"2022-06-09T07:03:19","date_gmt":"2022-06-09T06:03:19","guid":{"rendered":"https:\/\/rna.ao\/rna.ao\/?p=65203"},"modified":"2022-06-09T09:50:58","modified_gmt":"2022-06-09T08:50:58","slug":"direccao-do-sagrada-esperanca-desmente-informacoes-da-sua-desistencia-das-afrotacas","status":"publish","type":"post","link":"https:\/\/rna.ao\/rna.ao\/2022\/06\/09\/direccao-do-sagrada-esperanca-desmente-informacoes-da-sua-desistencia-das-afrotacas\/","title":{"rendered":"Direc\u00e7\u00e3o do Sagrada Esperan\u00e7a desmente informa\u00e7\u00f5es da sua desist\u00eancia das  Afrota\u00e7as"},"content":{"rendered":"<p><img loading=\"lazy\" class=\"size-full wp-image-65206 aligncenter\" src=\"https:\/\/rna.ao\/rna.ao\/wp-content\/uploads\/2022\/06\/image-6.jpg\" alt=\"\" width=\"767\" height=\"512\" \/>A Direc\u00e7\u00e3o do Clube Sagrada Esperan\u00e7a tornou p\u00fablico um comunicado, em que desmente as informa\u00e7\u00f5es que d\u00e3o conta que o clube pondera desistir das Afrota\u00e7as por falta de verbas. Clique, no \u00e1udio abaixo, e ou\u00e7a mais dados na reportagem do Bruce de Oliveira:<\/p>\n\t<div class=\"qtmplayer-playlist-large\">\n\t\t<ul class=\"qtmplayer-playlist\">\n\t\t\t\n\t\t\t\t\t<li class=\"qtmplayer-trackitem\">\n\t\t<img src=\"https:\/\/rna.ao\/rna.ao\/wp-content\/uploads\/2022\/06\/img_1200x9002021_07_31_18_20_40_1884235-100x100.jpg\" alt=\"cover\">\t\t<span \t\t\tdata-qtmplayer-cover=\"https:\/\/rna.ao\/rna.ao\/wp-content\/uploads\/2022\/06\/img_1200x9002021_07_31_18_20_40_1884235-370x370.jpg\"\n\t\t\t\t\t\tdata-qtmplayer-file=\"https:\/\/rna.ao\/rna.ao\/wp-content\/uploads\/2022\/06\/P-A-4-BRUCE-OLIVEIRA-09-06-2022.mp3\"\n\t\t\t\t\t\tdata-qtmplayer-title=\"Direc\u00e7\u00e3o do Sagrada Esperan\u00e7a desmente informa\u00e7\u00f5es da sua desist\u00eancia das  Afrota\u00e7as\"\n\t\t\t\t\t\tdata-qtmplayer-artist=\"RNA\"\n\t\t\t\t\t\tdata-qtmplayer-link=\"https:\/\/rna.ao\/rna.ao\/2022\/06\/09\/direccao-do-sagrada-esperanca-desmente-informacoes-da-sua-desistencia-das-afrotacas\/\"\n\t\t\t\t\t\tdata-qtmplayer-icon=\"file_download\"\n\t\t\t\t\t\tdata-qtmplayer-type=\"track\"\n\t\t\t class=\"qtmplayer-play qtmplayer-link-sec qtmplayer-play-btn\"><i class='material-icons'>play_arrow<\/i><\/span>\n\t\t<p>\n\t\t\t<span class=\"qtmplayer-tit\">Direc\u00e7\u00e3o do Sagrada Esperan\u00e7a desmente informa\u00e7\u00f5es da sua desist\u00eancia das  Afrota\u00e7as<\/span>\n\t\t\t<span class=\"qtmplayer-art\">RNA<\/span>\n\t\t<\/p>\n\t<\/li>\n\t\t<\/ul>\n\t<\/div>\t\t\t\n\t\n","protected":false},"excerpt":{"rendered":"<p>A Direc\u00e7\u00e3o do Clube Sagrada Esperan\u00e7a tornou p\u00fablico um comunicado, em que desmente as informa\u00e7\u00f5es que d\u00e3o conta que o clube pondera desistir das Afrota\u00e7as por falta de verbas. Clique, no \u00e1udio abaixo, e ou\u00e7a mais dados na reportagem do Bruce de Oliveira:<\/p>\n","protected":false},"author":8,"featured_media":65205,"comment_status":"closed","ping_status":"closed","sticky":false,"template":"","format":"standard","meta":[],"categories":[145,125,164],"tags":[],"_links":{"self":[{"href":"https:\/\/rna.ao\/rna.ao\/wp-json\/wp\/v2\/posts\/65203"}],"collection":[{"href":"https:\/\/rna.ao\/rna.ao\/wp-json\/wp\/v2\/posts"}],"about":[{"href":"https:\/\/rna.ao\/rna.ao\/wp-json\/wp\/v2\/types\/post"}],"author":[{"embeddable":true,"href":"https:\/\/rna.ao\/rna.ao\/wp-json\/wp\/v2\/users\/8"}],"replies":[{"embeddable":true,"href":"https:\/\/rna.ao\/rna.ao\/wp-json\/wp\/v2\/comments?post=65203"}],"version-history":[{"count":2,"href":"https:\/\/rna.ao\/rna.ao\/wp-json\/wp\/v2\/posts\/65203\/revisions"}],"predecessor-version":[{"id":65304,"href":"https:\/\/rna.ao\/rna.ao\/wp-json\/wp\/v2\/posts\/65203\/revisions\/65304"}],"wp:featuredmedia":[{"embeddable":true,"href":"https:\/\/rna.ao\/rna.ao\/wp-json\/wp\/v2\/media\/65205"}],"wp:attachment":[{"href":"https:\/\/rna.ao\/rna.ao\/wp-json\/wp\/v2\/media?parent=65203"}],"wp:term":[{"taxonomy":"category","embeddable":true,"href":"https:\/\/rna.ao\/rna.ao\/wp-json\/wp\/v2\/categories?post=65203"},{"taxonomy":"post_tag","embeddable":true,"href":"https:\/\/rna.ao\/rna.ao\/wp-json\/wp\/v2\/tags?post=65203"}],"curies":[{"name":"wp","href":"https:\/\/api.w.org\/{rel}","templated":true}]}}