{"id":65199,"date":"2022-06-09T06:54:38","date_gmt":"2022-06-09T05:54:38","guid":{"rendered":"https:\/\/rna.ao\/rna.ao\/?p=65199"},"modified":"2022-06-09T09:52:27","modified_gmt":"2022-06-09T08:52:27","slug":"petro-de-luanda-realiza-no-dia-16-de-junho-sua-assembleia-geral-de-socios","status":"publish","type":"post","link":"https:\/\/rna.ao\/rna.ao\/2022\/06\/09\/petro-de-luanda-realiza-no-dia-16-de-junho-sua-assembleia-geral-de-socios\/","title":{"rendered":"Petro de Luanda realiza no dia 16 de Junho sua Assembleia Geral de s\u00f3cios"},"content":{"rendered":"<p><img loading=\"lazy\" class=\"size-full wp-image-65200 aligncenter\" src=\"https:\/\/rna.ao\/rna.ao\/wp-content\/uploads\/2022\/06\/thumbs.web_.sapo_.png\" alt=\"\" width=\"638\" height=\"427\" \/>O Petro de Luanda vai realizar, no pr\u00f3ximo dia 16 deste m\u00eas de Junho, a sua Assembleia Geral de s\u00f3cios, segundo os estatutos do clube. Segundo o comunicado, a Assembleia ter\u00e1 lugar na sede do clube, situada na Rua Gamal Abdel Nasser, ao eixo-vi\u00e1rio, a partir das 9:00. Em rela\u00e7\u00e3o \u00e0 agenda, contar\u00e1 com quatro pontos, designadamente:<\/p>\n<p>1\u00aa Leitura da acta da Assembleia Geral anterior.<\/p>\n<p>2\u00aa Apresenta\u00e7\u00e3o, an\u00e1lise e aprova\u00e7\u00e3o do relat\u00f3rio de gest\u00e3o do ano 2021 e o relat\u00f3rio de gest\u00e3o do per\u00edodo de Janeiro a Maio de 2022.<\/p>\n<p>3\u00aa Apresenta\u00e7\u00e3o, an\u00e1lise e aprova\u00e7\u00e3o das contas do exerc\u00edcio econ\u00f3mico do ano 2021.<\/p>\n<p>4\u00aa An\u00e1lise e aprecia\u00e7\u00e3o da cria\u00e7\u00e3o do futebol feminino, de acordo com a orienta\u00e7\u00e3o da CAF, como condi\u00e7\u00e3o para participar na Superliga.<\/p>\n","protected":false},"excerpt":{"rendered":"<p>O Petro de Luanda vai realizar, no pr\u00f3ximo dia 16 deste m\u00eas de Junho, a sua Assembleia Geral de s\u00f3cios, segundo os estatutos do clube. Segundo o comunicado, a Assembleia ter\u00e1 lugar na sede do clube, situada na Rua Gamal Abdel Nasser, ao eixo-vi\u00e1rio, a partir das 9:00. Em rela\u00e7\u00e3o ...<\/p>\n","protected":false},"author":8,"featured_media":65201,"comment_status":"closed","ping_status":"closed","sticky":false,"template":"","format":"standard","meta":[],"categories":[145,125],"tags":[],"_links":{"self":[{"href":"https:\/\/rna.ao\/rna.ao\/wp-json\/wp\/v2\/posts\/65199"}],"collection":[{"href":"https:\/\/rna.ao\/rna.ao\/wp-json\/wp\/v2\/posts"}],"about":[{"href":"https:\/\/rna.ao\/rna.ao\/wp-json\/wp\/v2\/types\/post"}],"author":[{"embeddable":true,"href":"https:\/\/rna.ao\/rna.ao\/wp-json\/wp\/v2\/users\/8"}],"replies":[{"embeddable":true,"href":"https:\/\/rna.ao\/rna.ao\/wp-json\/wp\/v2\/comments?post=65199"}],"version-history":[{"count":3,"href":"https:\/\/rna.ao\/rna.ao\/wp-json\/wp\/v2\/posts\/65199\/revisions"}],"predecessor-version":[{"id":65306,"href":"https:\/\/rna.ao\/rna.ao\/wp-json\/wp\/v2\/posts\/65199\/revisions\/65306"}],"wp:featuredmedia":[{"embeddable":true,"href":"https:\/\/rna.ao\/rna.ao\/wp-json\/wp\/v2\/media\/65201"}],"wp:attachment":[{"href":"https:\/\/rna.ao\/rna.ao\/wp-json\/wp\/v2\/media?parent=65199"}],"wp:term":[{"taxonomy":"category","embeddable":true,"href":"https:\/\/rna.ao\/rna.ao\/wp-json\/wp\/v2\/categories?post=65199"},{"taxonomy":"post_tag","embeddable":true,"href":"https:\/\/rna.ao\/rna.ao\/wp-json\/wp\/v2\/tags?post=65199"}],"curies":[{"name":"wp","href":"https:\/\/api.w.org\/{rel}","templated":true}]}}