{"id":65176,"date":"2022-06-08T15:45:03","date_gmt":"2022-06-08T14:45:03","guid":{"rendered":"https:\/\/rna.ao\/rna.ao\/?p=65176"},"modified":"2022-06-08T15:45:03","modified_gmt":"2022-06-08T14:45:03","slug":"embaixadores-entregam-cartas-credenciais-ao-chefe-de-estado","status":"publish","type":"post","link":"https:\/\/rna.ao\/rna.ao\/2022\/06\/08\/embaixadores-entregam-cartas-credenciais-ao-chefe-de-estado\/","title":{"rendered":"Embaixadores entregam cartas credenciais ao Chefe de Estado."},"content":{"rendered":"<p><img loading=\"lazy\" class=\"alignnone size-full wp-image-65180\" src=\"https:\/\/rna.ao\/rna.ao\/wp-content\/uploads\/2022\/06\/8C73341B-DFBE-4E21-BEBD-BA7E195C44DF.jpeg\" alt=\"\" width=\"700\" height=\"450\" \/><br \/>\nO presidente Jo\u00e3o Louren\u00e7o , recebeu hoje as cartas credenciais de quatro novos embaixadores.<\/p>\n<p>Com esta credita\u00e7\u00e3o , os diplomatas est\u00e3o em condi\u00e7\u00f5es de representar os seus pa\u00edses \u00a0Angola. Jornalista Carolina Barradas . Clique no \u00e1udio abaixo e ou\u00e7a.<\/p>\n\t<div class=\"qtmplayer-playlist-large\">\n\t\t<ul class=\"qtmplayer-playlist\">\n\t\t\t\n\t\t\t\t\t<li class=\"qtmplayer-trackitem\">\n\t\t<img src=\"https:\/\/rna.ao\/rna.ao\/wp-content\/uploads\/2022\/06\/CD36F9EE-C8CA-48E6-A90D-F6FB4D5018BE-100x100.jpeg\" alt=\"cover\">\t\t<span \t\t\tdata-qtmplayer-cover=\"https:\/\/rna.ao\/rna.ao\/wp-content\/uploads\/2022\/06\/CD36F9EE-C8CA-48E6-A90D-F6FB4D5018BE.jpeg\"\n\t\t\t\t\t\tdata-qtmplayer-file=\"https:\/\/rna.ao\/rna.ao\/wp-content\/uploads\/2022\/06\/CAROLINA-BARRADAS-bom-2.mp3\"\n\t\t\t\t\t\tdata-qtmplayer-title=\"Embaixadores entregam cartas credenciais ao Chefe de Estado.\"\n\t\t\t\t\t\tdata-qtmplayer-artist=\"RNA\"\n\t\t\t\t\t\tdata-qtmplayer-link=\"https:\/\/rna.ao\/rna.ao\/2022\/06\/08\/embaixadores-entregam-cartas-credenciais-ao-chefe-de-estado\/\"\n\t\t\t\t\t\tdata-qtmplayer-icon=\"file_download\"\n\t\t\t\t\t\tdata-qtmplayer-type=\"track\"\n\t\t\t class=\"qtmplayer-play qtmplayer-link-sec qtmplayer-play-btn\"><i class='material-icons'>play_arrow<\/i><\/span>\n\t\t<p>\n\t\t\t<span class=\"qtmplayer-tit\">Embaixadores entregam cartas credenciais ao Chefe de Estado.<\/span>\n\t\t\t<span class=\"qtmplayer-art\">RNA<\/span>\n\t\t<\/p>\n\t<\/li>\n\t\t<\/ul>\n\t<\/div>\t\t\t\n\t\n<p>&nbsp;<\/p>\n<p>&nbsp;<\/p>\n<p>&nbsp;<\/p>\n","protected":false},"excerpt":{"rendered":"<p>O presidente Jo\u00e3o Louren\u00e7o , recebeu hoje as cartas credenciais de quatro novos embaixadores. Com esta credita\u00e7\u00e3o , os diplomatas est\u00e3o em condi\u00e7\u00f5es de representar os seus pa\u00edses \u00a0Angola. Jornalista Carolina Barradas . Clique no \u00e1udio abaixo e ou\u00e7a. &nbsp; &nbsp; &nbsp;<\/p>\n","protected":false},"author":8,"featured_media":65181,"comment_status":"closed","ping_status":"closed","sticky":false,"template":"","format":"standard","meta":[],"categories":[142,121,164,163,1],"tags":[],"_links":{"self":[{"href":"https:\/\/rna.ao\/rna.ao\/wp-json\/wp\/v2\/posts\/65176"}],"collection":[{"href":"https:\/\/rna.ao\/rna.ao\/wp-json\/wp\/v2\/posts"}],"about":[{"href":"https:\/\/rna.ao\/rna.ao\/wp-json\/wp\/v2\/types\/post"}],"author":[{"embeddable":true,"href":"https:\/\/rna.ao\/rna.ao\/wp-json\/wp\/v2\/users\/8"}],"replies":[{"embeddable":true,"href":"https:\/\/rna.ao\/rna.ao\/wp-json\/wp\/v2\/comments?post=65176"}],"version-history":[{"count":1,"href":"https:\/\/rna.ao\/rna.ao\/wp-json\/wp\/v2\/posts\/65176\/revisions"}],"predecessor-version":[{"id":65182,"href":"https:\/\/rna.ao\/rna.ao\/wp-json\/wp\/v2\/posts\/65176\/revisions\/65182"}],"wp:featuredmedia":[{"embeddable":true,"href":"https:\/\/rna.ao\/rna.ao\/wp-json\/wp\/v2\/media\/65181"}],"wp:attachment":[{"href":"https:\/\/rna.ao\/rna.ao\/wp-json\/wp\/v2\/media?parent=65176"}],"wp:term":[{"taxonomy":"category","embeddable":true,"href":"https:\/\/rna.ao\/rna.ao\/wp-json\/wp\/v2\/categories?post=65176"},{"taxonomy":"post_tag","embeddable":true,"href":"https:\/\/rna.ao\/rna.ao\/wp-json\/wp\/v2\/tags?post=65176"}],"curies":[{"name":"wp","href":"https:\/\/api.w.org\/{rel}","templated":true}]}}