{"id":65164,"date":"2022-06-08T15:27:26","date_gmt":"2022-06-08T14:27:26","guid":{"rendered":"https:\/\/rna.ao\/rna.ao\/?p=65164"},"modified":"2022-06-08T15:27:26","modified_gmt":"2022-06-08T14:27:26","slug":"mpla-antecipa-se-e-entrega-processo-de-candidaturas-as-eleicoes-gerais-de-24-de-agosto","status":"publish","type":"post","link":"https:\/\/rna.ao\/rna.ao\/2022\/06\/08\/mpla-antecipa-se-e-entrega-processo-de-candidaturas-as-eleicoes-gerais-de-24-de-agosto\/","title":{"rendered":"MPLA antecipa-se e entrega processo de candidaturas \u00e1s elei\u00e7\u00f5es gerais de 24 de Agosto."},"content":{"rendered":"<p><img loading=\"lazy\" class=\"alignnone size-full wp-image-65174\" src=\"https:\/\/rna.ao\/rna.ao\/wp-content\/uploads\/2022\/06\/D1A5C6DC-29E5-4938-97DA-3AEC3494CF5F.jpeg\" alt=\"\" width=\"600\" height=\"400\" \/><\/p>\n<p style=\"font-weight: 400;\">O Tribunal Constitucional recebeu hoje o primeiro processo de Candidaturas para as Elei\u00e7\u00f5es Gerais.<\/p>\n<p style=\"font-weight: 400;\">O MPLA tornou-se assim na primeira forma\u00e7\u00e3o pol\u00edtica a dar entrada de toda documenta\u00e7\u00e3o que vai lhe habilitar a participar do acto eleitoral previsto para o dia 24 de Agosto.<\/p>\n<p style=\"font-weight: 400;\">A acompanhar o processo de entrega, esteve pela R\u00e1dio Nacional, O <strong>\u00a0jornalista\u00a0 Francisco Pedro<\/strong>, que resume j\u00e1 a seguir o momento que marcou o acto de apresenta\u00e7\u00e3o das candidatura. Clique no \u00e1udio abaixo e ou\u00e7a<\/p>\n\t<div class=\"qtmplayer-playlist-large\">\n\t\t<ul class=\"qtmplayer-playlist\">\n\t\t\t\n\t\t\t\t\t<li class=\"qtmplayer-trackitem\">\n\t\t<img src=\"https:\/\/rna.ao\/rna.ao\/wp-content\/uploads\/2022\/06\/D1A5C6DC-29E5-4938-97DA-3AEC3494CF5F-100x100.jpeg\" alt=\"cover\">\t\t<span \t\t\tdata-qtmplayer-cover=\"https:\/\/rna.ao\/rna.ao\/wp-content\/uploads\/2022\/06\/D1A5C6DC-29E5-4938-97DA-3AEC3494CF5F-370x370.jpeg\"\n\t\t\t\t\t\tdata-qtmplayer-file=\"https:\/\/rna.ao\/rna.ao\/wp-content\/uploads\/2022\/06\/FRANCISCO-PEDRO-bom.mp3\"\n\t\t\t\t\t\tdata-qtmplayer-title=\"MPLA antecipa-se e entrega processo de candidaturas \u00e1s elei\u00e7\u00f5es gerais de 24 de Agosto.\"\n\t\t\t\t\t\tdata-qtmplayer-artist=\"RNA\"\n\t\t\t\t\t\tdata-qtmplayer-link=\"https:\/\/rna.ao\/rna.ao\/2022\/06\/08\/mpla-antecipa-se-e-entrega-processo-de-candidaturas-as-eleicoes-gerais-de-24-de-agosto\/\"\n\t\t\t\t\t\tdata-qtmplayer-icon=\"file_download\"\n\t\t\t\t\t\tdata-qtmplayer-type=\"track\"\n\t\t\t class=\"qtmplayer-play qtmplayer-link-sec qtmplayer-play-btn\"><i class='material-icons'>play_arrow<\/i><\/span>\n\t\t<p>\n\t\t\t<span class=\"qtmplayer-tit\">MPLA antecipa-se e entrega processo de candidaturas \u00e1s elei\u00e7\u00f5es gerais de 24 de Agosto.<\/span>\n\t\t\t<span class=\"qtmplayer-art\">RNA<\/span>\n\t\t<\/p>\n\t<\/li>\n\t\t<\/ul>\n\t<\/div>\t\t\t\n\t\n","protected":false},"excerpt":{"rendered":"<p>O Tribunal Constitucional recebeu hoje o primeiro processo de Candidaturas para as Elei\u00e7\u00f5es Gerais. O MPLA tornou-se assim na primeira forma\u00e7\u00e3o pol\u00edtica a dar entrada de toda documenta\u00e7\u00e3o que vai lhe habilitar a participar do acto eleitoral previsto para o dia 24 de Agosto. A acompanhar o processo de entrega, ...<\/p>\n","protected":false},"author":8,"featured_media":65174,"comment_status":"closed","ping_status":"closed","sticky":false,"template":"","format":"standard","meta":[],"categories":[142,121,164,163],"tags":[],"_links":{"self":[{"href":"https:\/\/rna.ao\/rna.ao\/wp-json\/wp\/v2\/posts\/65164"}],"collection":[{"href":"https:\/\/rna.ao\/rna.ao\/wp-json\/wp\/v2\/posts"}],"about":[{"href":"https:\/\/rna.ao\/rna.ao\/wp-json\/wp\/v2\/types\/post"}],"author":[{"embeddable":true,"href":"https:\/\/rna.ao\/rna.ao\/wp-json\/wp\/v2\/users\/8"}],"replies":[{"embeddable":true,"href":"https:\/\/rna.ao\/rna.ao\/wp-json\/wp\/v2\/comments?post=65164"}],"version-history":[{"count":2,"href":"https:\/\/rna.ao\/rna.ao\/wp-json\/wp\/v2\/posts\/65164\/revisions"}],"predecessor-version":[{"id":65175,"href":"https:\/\/rna.ao\/rna.ao\/wp-json\/wp\/v2\/posts\/65164\/revisions\/65175"}],"wp:featuredmedia":[{"embeddable":true,"href":"https:\/\/rna.ao\/rna.ao\/wp-json\/wp\/v2\/media\/65174"}],"wp:attachment":[{"href":"https:\/\/rna.ao\/rna.ao\/wp-json\/wp\/v2\/media?parent=65164"}],"wp:term":[{"taxonomy":"category","embeddable":true,"href":"https:\/\/rna.ao\/rna.ao\/wp-json\/wp\/v2\/categories?post=65164"},{"taxonomy":"post_tag","embeddable":true,"href":"https:\/\/rna.ao\/rna.ao\/wp-json\/wp\/v2\/tags?post=65164"}],"curies":[{"name":"wp","href":"https:\/\/api.w.org\/{rel}","templated":true}]}}