{"id":65161,"date":"2022-06-08T15:41:32","date_gmt":"2022-06-08T14:41:32","guid":{"rendered":"https:\/\/rna.ao\/rna.ao\/?p=65161"},"modified":"2022-06-08T15:54:08","modified_gmt":"2022-06-08T14:54:08","slug":"estao-todos-perdoados-e-o-fim-de-um-periodo-de-humilhacao-dizem-familiares-que-hoje-receberam-as-ossadas-de-entrequeridos-vitimas-do-27-de-maio","status":"publish","type":"post","link":"https:\/\/rna.ao\/rna.ao\/2022\/06\/08\/estao-todos-perdoados-e-o-fim-de-um-periodo-de-humilhacao-dizem-familiares-que-hoje-receberam-as-ossadas-de-entrequeridos-vitimas-do-27-de-maio\/","title":{"rendered":"Est\u00e3o todos perdoados: \u00c9 o fim de um per\u00edodo de humilha\u00e7\u00e3o dizem familiares que hoje receberam as ossadas de entrequeridos vitimas do 27 de Maio."},"content":{"rendered":"<p style=\"font-weight: 400;\"><img loading=\"lazy\" class=\"alignnone size-full wp-image-65184\" src=\"https:\/\/rna.ao\/rna.ao\/wp-content\/uploads\/2022\/06\/1F789B57-513E-4D37-9873-334CE8F37F2D.jpeg\" alt=\"\" width=\"512\" height=\"294\" \/><br \/>\nJ\u00e1 foram entregues \u00e0s respetivas fam\u00edlias, as ossadas de Nito Alves, Sianuk e Il\u00eddio Ramalhete, v\u00edtimas do 27 de maio.<\/p>\n<p style=\"font-weight: 400;\">Os familiares presentes na cerim\u00f4nia, disseram que termina assim o per\u00edodo de humilha\u00e7\u00e3o. Jornalista Nelson\u00a0 Pedro.\u00a0 Clique no \u00e1udio abaixo e ou\u00e7a.<\/p>\n\t<div class=\"qtmplayer-playlist-large\">\n\t\t<ul class=\"qtmplayer-playlist\">\n\t\t\t\n\t\t\t\t\t<li class=\"qtmplayer-trackitem\">\n\t\t<img src=\"https:\/\/rna.ao\/rna.ao\/wp-content\/uploads\/2022\/06\/1F789B57-513E-4D37-9873-334CE8F37F2D-100x100.jpeg\" alt=\"cover\">\t\t<span \t\t\tdata-qtmplayer-cover=\"https:\/\/rna.ao\/rna.ao\/wp-content\/uploads\/2022\/06\/1F789B57-513E-4D37-9873-334CE8F37F2D.jpeg\"\n\t\t\t\t\t\tdata-qtmplayer-file=\"https:\/\/rna.ao\/rna.ao\/wp-content\/uploads\/2022\/06\/NELSON-PEDRO-bom.mp3\"\n\t\t\t\t\t\tdata-qtmplayer-title=\"Est\u00e3o todos perdoados: \u00c9 o fim de um per\u00edodo de humilha\u00e7\u00e3o dizem familiares que hoje receberam as ossadas de entrequeridos vitimas do 27 de Maio.\"\n\t\t\t\t\t\tdata-qtmplayer-artist=\"RNA\"\n\t\t\t\t\t\tdata-qtmplayer-link=\"https:\/\/rna.ao\/rna.ao\/2022\/06\/08\/estao-todos-perdoados-e-o-fim-de-um-periodo-de-humilhacao-dizem-familiares-que-hoje-receberam-as-ossadas-de-entrequeridos-vitimas-do-27-de-maio\/\"\n\t\t\t\t\t\tdata-qtmplayer-icon=\"file_download\"\n\t\t\t\t\t\tdata-qtmplayer-type=\"track\"\n\t\t\t class=\"qtmplayer-play qtmplayer-link-sec qtmplayer-play-btn\"><i class='material-icons'>play_arrow<\/i><\/span>\n\t\t<p>\n\t\t\t<span class=\"qtmplayer-tit\">Est\u00e3o todos perdoados: \u00c9 o fim de um per\u00edodo de humilha\u00e7\u00e3o dizem familiares que hoje receberam as ossadas de entrequeridos vitimas do 27 de Maio.<\/span>\n\t\t\t<span class=\"qtmplayer-art\">RNA<\/span>\n\t\t<\/p>\n\t<\/li>\n\t\t<\/ul>\n\t<\/div>\t\t\t\n\t\n<p>&nbsp;<\/p>\n","protected":false},"excerpt":{"rendered":"<p>J\u00e1 foram entregues \u00e0s respetivas fam\u00edlias, as ossadas de Nito Alves, Sianuk e Il\u00eddio Ramalhete, v\u00edtimas do 27 de maio. Os familiares presentes na cerim\u00f4nia, disseram que termina assim o per\u00edodo de humilha\u00e7\u00e3o. Jornalista Nelson\u00a0 Pedro.\u00a0 Clique no \u00e1udio abaixo e ou\u00e7a. &nbsp;<\/p>\n","protected":false},"author":8,"featured_media":65184,"comment_status":"closed","ping_status":"closed","sticky":false,"template":"","format":"standard","meta":[],"categories":[142,121,164,163],"tags":[],"_links":{"self":[{"href":"https:\/\/rna.ao\/rna.ao\/wp-json\/wp\/v2\/posts\/65161"}],"collection":[{"href":"https:\/\/rna.ao\/rna.ao\/wp-json\/wp\/v2\/posts"}],"about":[{"href":"https:\/\/rna.ao\/rna.ao\/wp-json\/wp\/v2\/types\/post"}],"author":[{"embeddable":true,"href":"https:\/\/rna.ao\/rna.ao\/wp-json\/wp\/v2\/users\/8"}],"replies":[{"embeddable":true,"href":"https:\/\/rna.ao\/rna.ao\/wp-json\/wp\/v2\/comments?post=65161"}],"version-history":[{"count":3,"href":"https:\/\/rna.ao\/rna.ao\/wp-json\/wp\/v2\/posts\/65161\/revisions"}],"predecessor-version":[{"id":65185,"href":"https:\/\/rna.ao\/rna.ao\/wp-json\/wp\/v2\/posts\/65161\/revisions\/65185"}],"wp:featuredmedia":[{"embeddable":true,"href":"https:\/\/rna.ao\/rna.ao\/wp-json\/wp\/v2\/media\/65184"}],"wp:attachment":[{"href":"https:\/\/rna.ao\/rna.ao\/wp-json\/wp\/v2\/media?parent=65161"}],"wp:term":[{"taxonomy":"category","embeddable":true,"href":"https:\/\/rna.ao\/rna.ao\/wp-json\/wp\/v2\/categories?post=65161"},{"taxonomy":"post_tag","embeddable":true,"href":"https:\/\/rna.ao\/rna.ao\/wp-json\/wp\/v2\/tags?post=65161"}],"curies":[{"name":"wp","href":"https:\/\/api.w.org\/{rel}","templated":true}]}}