{"id":65135,"date":"2022-06-08T09:55:13","date_gmt":"2022-06-08T08:55:13","guid":{"rendered":"https:\/\/rna.ao\/rna.ao\/?p=65135"},"modified":"2022-06-08T09:55:13","modified_gmt":"2022-06-08T08:55:13","slug":"celebra-se-hoje-8-de-junho-o-dia-mundial-dos-oceanos","status":"publish","type":"post","link":"https:\/\/rna.ao\/rna.ao\/2022\/06\/08\/celebra-se-hoje-8-de-junho-o-dia-mundial-dos-oceanos\/","title":{"rendered":"Celebra-se  hoje, 8 de Junho o dia Mundial dos Oceanos."},"content":{"rendered":"<p><img loading=\"lazy\" class=\"alignnone size-medium wp-image-65139\" src=\"https:\/\/rna.ao\/rna.ao\/wp-content\/uploads\/2022\/06\/agua_doce00-770x448.jpg\" alt=\"\" width=\"770\" height=\"448\" srcset=\"https:\/\/rna.ao\/rna.ao\/wp-content\/uploads\/2022\/06\/agua_doce00-770x448.jpg 770w, https:\/\/rna.ao\/rna.ao\/wp-content\/uploads\/2022\/06\/agua_doce00-768x447.jpg 768w, https:\/\/rna.ao\/rna.ao\/wp-content\/uploads\/2022\/06\/agua_doce00.jpg 1000w\" sizes=\"(max-width: 770px) 100vw, 770px\" \/><\/p>\n<p style=\"font-weight: 400;\">Hoje, quarta \u2013 feira, 08 de junho, celebra \u2013 se o dia Mundial dos Oceanos. Neste ano, tem como tema Revitaliza\u00e7\u00e3o; A\u00e7\u00e3o Colectiva para o Oceano.<\/p>\n<p style=\"font-weight: 400;\">A celebra\u00e7\u00e3o dos oceanos teve origem na Confer\u00eancia da ONU, sobre Ambiente e Desenvolvimento, que se realizou no Brasil, em 1992.<\/p>\n<p style=\"font-weight: 400;\">Em 2008, as Na\u00e7\u00f5es Unidas decidiram que o dia 08 de junho passaria a ser designado como o Dia Mundial dos Oceanos, tornando-se a data oficial.<\/p>\n<p style=\"font-weight: 400;\">Dezenas de pa\u00edses celebram a data, mostrando a import\u00e2ncia dos oceanos no clima e como elemento essencial da biosfera.<\/p>\n<p style=\"font-weight: 400;\">\n","protected":false},"excerpt":{"rendered":"<p>Hoje, quarta \u2013 feira, 08 de junho, celebra \u2013 se o dia Mundial dos Oceanos. Neste ano, tem como tema Revitaliza\u00e7\u00e3o; A\u00e7\u00e3o Colectiva para o Oceano. A celebra\u00e7\u00e3o dos oceanos teve origem na Confer\u00eancia da ONU, sobre Ambiente e Desenvolvimento, que se realizou no Brasil, em 1992. Em 2008, as ...<\/p>\n","protected":false},"author":8,"featured_media":65139,"comment_status":"closed","ping_status":"closed","sticky":false,"template":"","format":"standard","meta":[],"categories":[142,121,164,163],"tags":[],"_links":{"self":[{"href":"https:\/\/rna.ao\/rna.ao\/wp-json\/wp\/v2\/posts\/65135"}],"collection":[{"href":"https:\/\/rna.ao\/rna.ao\/wp-json\/wp\/v2\/posts"}],"about":[{"href":"https:\/\/rna.ao\/rna.ao\/wp-json\/wp\/v2\/types\/post"}],"author":[{"embeddable":true,"href":"https:\/\/rna.ao\/rna.ao\/wp-json\/wp\/v2\/users\/8"}],"replies":[{"embeddable":true,"href":"https:\/\/rna.ao\/rna.ao\/wp-json\/wp\/v2\/comments?post=65135"}],"version-history":[{"count":1,"href":"https:\/\/rna.ao\/rna.ao\/wp-json\/wp\/v2\/posts\/65135\/revisions"}],"predecessor-version":[{"id":65140,"href":"https:\/\/rna.ao\/rna.ao\/wp-json\/wp\/v2\/posts\/65135\/revisions\/65140"}],"wp:featuredmedia":[{"embeddable":true,"href":"https:\/\/rna.ao\/rna.ao\/wp-json\/wp\/v2\/media\/65139"}],"wp:attachment":[{"href":"https:\/\/rna.ao\/rna.ao\/wp-json\/wp\/v2\/media?parent=65135"}],"wp:term":[{"taxonomy":"category","embeddable":true,"href":"https:\/\/rna.ao\/rna.ao\/wp-json\/wp\/v2\/categories?post=65135"},{"taxonomy":"post_tag","embeddable":true,"href":"https:\/\/rna.ao\/rna.ao\/wp-json\/wp\/v2\/tags?post=65135"}],"curies":[{"name":"wp","href":"https:\/\/api.w.org\/{rel}","templated":true}]}}