{"id":65117,"date":"2022-06-08T09:14:56","date_gmt":"2022-06-08T08:14:56","guid":{"rendered":"https:\/\/rna.ao\/rna.ao\/?p=65117"},"modified":"2022-06-08T09:17:05","modified_gmt":"2022-06-08T08:17:05","slug":"lancada-primeira-pedra-para-construcao-do-campus-universitario-na-lunda-norte","status":"publish","type":"post","link":"https:\/\/rna.ao\/rna.ao\/2022\/06\/08\/lancada-primeira-pedra-para-construcao-do-campus-universitario-na-lunda-norte\/","title":{"rendered":"Lan\u00e7ada primeira pedra para constru\u00e7\u00e3o do Campus Universit\u00e1rio na Lunda Norte."},"content":{"rendered":"<p><img loading=\"lazy\" class=\"alignnone size-full wp-image-65118\" src=\"https:\/\/rna.ao\/rna.ao\/wp-content\/uploads\/2022\/06\/ministros_dos.jpg\" alt=\"\" width=\"700\" height=\"450\" \/><\/p>\n<p style=\"font-weight: 400;\">A Lunda-Norte ganha nos pr\u00f3ximos tempos um campus Universit\u00e1rio.<\/p>\n<p style=\"font-weight: 400;\">A obra que est\u00e1 or\u00e7ada em Cinquenta milh\u00f5es de d\u00f3lares, teve o lan\u00e7amento da primeira pedra esta ter\u00e7a-feira.<\/p>\n<p style=\"font-weight: 400;\">Clique no \u00e1udio abaixo e ou\u00e7a outros dados com a jornalista Filomena Mununga<\/p>\n\t<div class=\"qtmplayer-playlist-large\">\n\t\t<ul class=\"qtmplayer-playlist\">\n\t\t\t\n\t\t\t\t\t<li class=\"qtmplayer-trackitem\">\n\t\t<img src=\"https:\/\/rna.ao\/rna.ao\/wp-content\/uploads\/2022\/06\/ministros_dos-1-100x100.jpg\" alt=\"cover\">\t\t<span \t\t\tdata-qtmplayer-cover=\"https:\/\/rna.ao\/rna.ao\/wp-content\/uploads\/2022\/06\/ministros_dos-1-370x370.jpg\"\n\t\t\t\t\t\tdata-qtmplayer-file=\"https:\/\/rna.ao\/rna.ao\/wp-content\/uploads\/2022\/06\/LUNDA-NORTE-CAMPUS-bom.mp3\"\n\t\t\t\t\t\tdata-qtmplayer-title=\"Lan\u00e7ada primeira pedra para constru\u00e7\u00e3o do Campus Universit\u00e1rio na Lunda Norte.\"\n\t\t\t\t\t\tdata-qtmplayer-artist=\"RNA\"\n\t\t\t\t\t\tdata-qtmplayer-link=\"https:\/\/rna.ao\/rna.ao\/2022\/06\/08\/lancada-primeira-pedra-para-construcao-do-campus-universitario-na-lunda-norte\/\"\n\t\t\t\t\t\tdata-qtmplayer-icon=\"file_download\"\n\t\t\t\t\t\tdata-qtmplayer-type=\"track\"\n\t\t\t class=\"qtmplayer-play qtmplayer-link-sec qtmplayer-play-btn\"><i class='material-icons'>play_arrow<\/i><\/span>\n\t\t<p>\n\t\t\t<span class=\"qtmplayer-tit\">Lan\u00e7ada primeira pedra para constru\u00e7\u00e3o do Campus Universit\u00e1rio na Lunda Norte.<\/span>\n\t\t\t<span class=\"qtmplayer-art\">RNA<\/span>\n\t\t<\/p>\n\t<\/li>\n\t\t<\/ul>\n\t<\/div>\t\t\t\n\t\n","protected":false},"excerpt":{"rendered":"<p>A Lunda-Norte ganha nos pr\u00f3ximos tempos um campus Universit\u00e1rio. A obra que est\u00e1 or\u00e7ada em Cinquenta milh\u00f5es de d\u00f3lares, teve o lan\u00e7amento da primeira pedra esta ter\u00e7a-feira. Clique no \u00e1udio abaixo e ou\u00e7a outros dados com a jornalista Filomena Mununga<\/p>\n","protected":false},"author":8,"featured_media":65120,"comment_status":"closed","ping_status":"closed","sticky":false,"template":"","format":"standard","meta":[],"categories":[142,121,163],"tags":[],"_links":{"self":[{"href":"https:\/\/rna.ao\/rna.ao\/wp-json\/wp\/v2\/posts\/65117"}],"collection":[{"href":"https:\/\/rna.ao\/rna.ao\/wp-json\/wp\/v2\/posts"}],"about":[{"href":"https:\/\/rna.ao\/rna.ao\/wp-json\/wp\/v2\/types\/post"}],"author":[{"embeddable":true,"href":"https:\/\/rna.ao\/rna.ao\/wp-json\/wp\/v2\/users\/8"}],"replies":[{"embeddable":true,"href":"https:\/\/rna.ao\/rna.ao\/wp-json\/wp\/v2\/comments?post=65117"}],"version-history":[{"count":1,"href":"https:\/\/rna.ao\/rna.ao\/wp-json\/wp\/v2\/posts\/65117\/revisions"}],"predecessor-version":[{"id":65121,"href":"https:\/\/rna.ao\/rna.ao\/wp-json\/wp\/v2\/posts\/65117\/revisions\/65121"}],"wp:featuredmedia":[{"embeddable":true,"href":"https:\/\/rna.ao\/rna.ao\/wp-json\/wp\/v2\/media\/65120"}],"wp:attachment":[{"href":"https:\/\/rna.ao\/rna.ao\/wp-json\/wp\/v2\/media?parent=65117"}],"wp:term":[{"taxonomy":"category","embeddable":true,"href":"https:\/\/rna.ao\/rna.ao\/wp-json\/wp\/v2\/categories?post=65117"},{"taxonomy":"post_tag","embeddable":true,"href":"https:\/\/rna.ao\/rna.ao\/wp-json\/wp\/v2\/tags?post=65117"}],"curies":[{"name":"wp","href":"https:\/\/api.w.org\/{rel}","templated":true}]}}