{"id":65113,"date":"2022-06-08T08:59:47","date_gmt":"2022-06-08T07:59:47","guid":{"rendered":"https:\/\/rna.ao\/rna.ao\/?p=65113"},"modified":"2022-06-08T09:16:50","modified_gmt":"2022-06-08T08:16:50","slug":"a-cne-recebe-hoje-o-primeiro-lote-de-material-logistico-para-as-eleicoes-tambem-hoje-tribunal-constitucional-recebe-a-primeira-candidatura-formal-do-partido-mpla-para-as-eleicoes-gerais-de-agosto-pr","status":"publish","type":"post","link":"https:\/\/rna.ao\/rna.ao\/2022\/06\/08\/a-cne-recebe-hoje-o-primeiro-lote-de-material-logistico-para-as-eleicoes-tambem-hoje-tribunal-constitucional-recebe-a-primeira-candidatura-formal-do-partido-mpla-para-as-eleicoes-gerais-de-agosto-pr\/","title":{"rendered":"A CNE recebe hoje o primeiro lote de material log\u00edstico para as elei\u00e7\u00f5es. Tamb\u00e9m hoje Tribunal Constitucional recebe a primeira candidatura formal do Partido MPLA, para as elei\u00e7\u00f5es gerais de Agosto pr\u00f3ximo."},"content":{"rendered":"<p style=\"font-weight: 400;\"><img loading=\"lazy\" class=\"alignnone size-full wp-image-9752\" src=\"https:\/\/rna.ao\/rna.ao\/wp-content\/uploads\/2020\/10\/CNE-logo.jpg\" alt=\"\" width=\"640\" height=\"458\" \/><\/p>\n<p style=\"font-weight: 400;\">Chega hoje ao Pa\u00eds o Primeiro Material log\u00edstico para a Elei\u00e7\u00f5es Gerais de 24 de Agosto.<\/p>\n<p style=\"font-weight: 400;\">A chegada deste material vai servir para Comiss\u00e3o Nacional Eleitoral organizar todo o aparato eleitoral.<\/p>\n<p style=\"font-weight: 400;\">E hoje o Tribunal Constitucional vai receber a Candidatura formal do Partido MPLA, para as elei\u00e7\u00f5es gerais de Agosto pr\u00f3ximo.<\/p>\n<p style=\"font-weight: 400;\">O tribunal Constitucional criou uma plataforma digital, para a recep\u00e7\u00e3o de candidaturas de partidos pol\u00edticos concorrentes as elei\u00e7\u00f5es gerais.<\/p>\n<p style=\"font-weight: 400;\">Segundo o Director do Gabinete dos Partidos Pol\u00edticos do Tribunal Constitucional Mauro Alexandre, o agendamento das candidaturas contempla oportunidade para todos os partidos pol\u00edticos, e esta inova\u00e7\u00e3o visa acabar com a situa\u00e7\u00e3o de congestionamento de for\u00e7as politicas em sede do Tribunal. Clique no \u00e1udio abaixo e ou\u00e7a.<\/p>\n\t<div class=\"qtmplayer-playlist-large\">\n\t\t<ul class=\"qtmplayer-playlist\">\n\t\t\t\n\t\t\t\t\t<li class=\"qtmplayer-trackitem\">\n\t\t<img src=\"https:\/\/rna.ao\/rna.ao\/wp-content\/uploads\/2020\/10\/CNE-logo-100x100.jpg\" alt=\"cover\">\t\t<span \t\t\tdata-qtmplayer-cover=\"https:\/\/rna.ao\/rna.ao\/wp-content\/uploads\/2020\/10\/CNE-logo-370x370.jpg\"\n\t\t\t\t\t\tdata-qtmplayer-file=\"https:\/\/rna.ao\/rna.ao\/wp-content\/uploads\/2022\/06\/MAURO-ALEXANDRE-06HRS-1.mp3\"\n\t\t\t\t\t\tdata-qtmplayer-title=\"A CNE recebe hoje o primeiro lote de material log\u00edstico para as elei\u00e7\u00f5es. Tamb\u00e9m hoje Tribunal Constitucional recebe a primeira candidatura formal do Partido MPLA, para as elei\u00e7\u00f5es gerais de Agosto pr\u00f3ximo.\"\n\t\t\t\t\t\tdata-qtmplayer-artist=\"RNA\"\n\t\t\t\t\t\tdata-qtmplayer-link=\"https:\/\/rna.ao\/rna.ao\/2022\/06\/08\/a-cne-recebe-hoje-o-primeiro-lote-de-material-logistico-para-as-eleicoes-tambem-hoje-tribunal-constitucional-recebe-a-primeira-candidatura-formal-do-partido-mpla-para-as-eleicoes-gerais-de-agosto-pr\/\"\n\t\t\t\t\t\tdata-qtmplayer-icon=\"file_download\"\n\t\t\t\t\t\tdata-qtmplayer-type=\"track\"\n\t\t\t class=\"qtmplayer-play qtmplayer-link-sec qtmplayer-play-btn\"><i class='material-icons'>play_arrow<\/i><\/span>\n\t\t<p>\n\t\t\t<span class=\"qtmplayer-tit\">A CNE recebe hoje o primeiro lote de material log\u00edstico para as elei\u00e7\u00f5es. Tamb\u00e9m hoje Tribunal Constitucional recebe a primeira candidatura formal do Partido MPLA, para as elei\u00e7\u00f5es gerais de Agosto pr\u00f3ximo.<\/span>\n\t\t\t<span class=\"qtmplayer-art\">RNA<\/span>\n\t\t<\/p>\n\t<\/li>\n\t\t<\/ul>\n\t<\/div>\t\t\t\n\t\n","protected":false},"excerpt":{"rendered":"<p>Chega hoje ao Pa\u00eds o Primeiro Material log\u00edstico para a Elei\u00e7\u00f5es Gerais de 24 de Agosto. A chegada deste material vai servir para Comiss\u00e3o Nacional Eleitoral organizar todo o aparato eleitoral. E hoje o Tribunal Constitucional vai receber a Candidatura formal do Partido MPLA, para as elei\u00e7\u00f5es gerais de Agosto ...<\/p>\n","protected":false},"author":8,"featured_media":9752,"comment_status":"closed","ping_status":"closed","sticky":false,"template":"","format":"standard","meta":[],"categories":[142,121,163],"tags":[],"_links":{"self":[{"href":"https:\/\/rna.ao\/rna.ao\/wp-json\/wp\/v2\/posts\/65113"}],"collection":[{"href":"https:\/\/rna.ao\/rna.ao\/wp-json\/wp\/v2\/posts"}],"about":[{"href":"https:\/\/rna.ao\/rna.ao\/wp-json\/wp\/v2\/types\/post"}],"author":[{"embeddable":true,"href":"https:\/\/rna.ao\/rna.ao\/wp-json\/wp\/v2\/users\/8"}],"replies":[{"embeddable":true,"href":"https:\/\/rna.ao\/rna.ao\/wp-json\/wp\/v2\/comments?post=65113"}],"version-history":[{"count":1,"href":"https:\/\/rna.ao\/rna.ao\/wp-json\/wp\/v2\/posts\/65113\/revisions"}],"predecessor-version":[{"id":65115,"href":"https:\/\/rna.ao\/rna.ao\/wp-json\/wp\/v2\/posts\/65113\/revisions\/65115"}],"wp:featuredmedia":[{"embeddable":true,"href":"https:\/\/rna.ao\/rna.ao\/wp-json\/wp\/v2\/media\/9752"}],"wp:attachment":[{"href":"https:\/\/rna.ao\/rna.ao\/wp-json\/wp\/v2\/media?parent=65113"}],"wp:term":[{"taxonomy":"category","embeddable":true,"href":"https:\/\/rna.ao\/rna.ao\/wp-json\/wp\/v2\/categories?post=65113"},{"taxonomy":"post_tag","embeddable":true,"href":"https:\/\/rna.ao\/rna.ao\/wp-json\/wp\/v2\/tags?post=65113"}],"curies":[{"name":"wp","href":"https:\/\/api.w.org\/{rel}","templated":true}]}}