{"id":65107,"date":"2022-06-08T07:02:16","date_gmt":"2022-06-08T06:02:16","guid":{"rendered":"https:\/\/rna.ao\/rna.ao\/?p=65107"},"modified":"2022-06-08T07:21:09","modified_gmt":"2022-06-08T06:21:09","slug":"executivo-com-o-apoio-do-pnud-trabalham-no-reforco-da-capacidade-dos-comites-locais-dos-direitos-humanos-em-todo-o-pais","status":"publish","type":"post","link":"https:\/\/rna.ao\/rna.ao\/2022\/06\/08\/executivo-com-o-apoio-do-pnud-trabalham-no-reforco-da-capacidade-dos-comites-locais-dos-direitos-humanos-em-todo-o-pais\/","title":{"rendered":"Executivo com o apoio do PNUD trabalham no refor\u00e7o da capacidade dos comit\u00e9s locais dos direitos humanos em todo o pa\u00eds"},"content":{"rendered":"<p><img loading=\"lazy\" class=\"size-full wp-image-65109 alignleft\" src=\"https:\/\/rna.ao\/rna.ao\/wp-content\/uploads\/2022\/06\/Reuniao-MINJUDH.jpg\" alt=\"\" width=\"259\" height=\"195\" \/>O Minist\u00e9rio da Justi\u00e7a e dos Direitos Humanos iniciou ter\u00e7a-feira, 07\/06, em Luanda a segunda confer\u00eancia nacional dos Comit\u00e9s dos Direitos Humanos. O encontro est\u00e1 inserido na implementa\u00e7\u00e3o da estrat\u00e9gia nacional dos direitos humanos, e refor\u00e7ar a capacidade formativa dos comit\u00e9s locais de direitos humanos. saiba mais, no \u00e1udio abaixo, com o jornalista Nelson Pedro:<\/p>\n\t<div class=\"qtmplayer-playlist-large\">\n\t\t<ul class=\"qtmplayer-playlist\">\n\t\t\t\n\t\t\t\t\t<li class=\"qtmplayer-trackitem\">\n\t\t<img src=\"https:\/\/rna.ao\/rna.ao\/wp-content\/uploads\/2022\/06\/Reuniao-MINJUDH-100x100.jpg\" alt=\"cover\">\t\t<span \t\t\tdata-qtmplayer-cover=\"https:\/\/rna.ao\/rna.ao\/wp-content\/uploads\/2022\/06\/Reuniao-MINJUDH.jpg\"\n\t\t\t\t\t\tdata-qtmplayer-file=\"https:\/\/rna.ao\/rna.ao\/wp-content\/uploads\/2022\/06\/NELSON-PEDRO-13HRS.mp3\"\n\t\t\t\t\t\tdata-qtmplayer-title=\"Executivo com o apoio do PNUD trabalham no refor\u00e7o da capacidade dos comit\u00e9s locais dos direitos humanos em todo o pa\u00eds\"\n\t\t\t\t\t\tdata-qtmplayer-artist=\"RNA\"\n\t\t\t\t\t\tdata-qtmplayer-link=\"https:\/\/rna.ao\/rna.ao\/2022\/06\/08\/executivo-com-o-apoio-do-pnud-trabalham-no-reforco-da-capacidade-dos-comites-locais-dos-direitos-humanos-em-todo-o-pais\/\"\n\t\t\t\t\t\tdata-qtmplayer-icon=\"file_download\"\n\t\t\t\t\t\tdata-qtmplayer-type=\"track\"\n\t\t\t class=\"qtmplayer-play qtmplayer-link-sec qtmplayer-play-btn\"><i class='material-icons'>play_arrow<\/i><\/span>\n\t\t<p>\n\t\t\t<span class=\"qtmplayer-tit\">Executivo com o apoio do PNUD trabalham no refor\u00e7o da capacidade dos comit\u00e9s locais dos direitos humanos em todo o pa\u00eds<\/span>\n\t\t\t<span class=\"qtmplayer-art\">RNA<\/span>\n\t\t<\/p>\n\t<\/li>\n\t\t<\/ul>\n\t<\/div>\t\t\t\n\t\n<p>Fonte: R\u00e1dio Luanda\/RNA<\/p>\n<p>&nbsp;<\/p>\n<p>&nbsp;<\/p>\n","protected":false},"excerpt":{"rendered":"<p>O Minist\u00e9rio da Justi\u00e7a e dos Direitos Humanos iniciou ter\u00e7a-feira, 07\/06, em Luanda a segunda confer\u00eancia nacional dos Comit\u00e9s dos Direitos Humanos. O encontro est\u00e1 inserido na implementa\u00e7\u00e3o da estrat\u00e9gia nacional dos direitos humanos, e refor\u00e7ar a capacidade formativa dos comit\u00e9s locais de direitos humanos. saiba mais, no \u00e1udio abaixo, ...<\/p>\n","protected":false},"author":8,"featured_media":65109,"comment_status":"closed","ping_status":"closed","sticky":false,"template":"","format":"standard","meta":[],"categories":[141,133],"tags":[],"_links":{"self":[{"href":"https:\/\/rna.ao\/rna.ao\/wp-json\/wp\/v2\/posts\/65107"}],"collection":[{"href":"https:\/\/rna.ao\/rna.ao\/wp-json\/wp\/v2\/posts"}],"about":[{"href":"https:\/\/rna.ao\/rna.ao\/wp-json\/wp\/v2\/types\/post"}],"author":[{"embeddable":true,"href":"https:\/\/rna.ao\/rna.ao\/wp-json\/wp\/v2\/users\/8"}],"replies":[{"embeddable":true,"href":"https:\/\/rna.ao\/rna.ao\/wp-json\/wp\/v2\/comments?post=65107"}],"version-history":[{"count":1,"href":"https:\/\/rna.ao\/rna.ao\/wp-json\/wp\/v2\/posts\/65107\/revisions"}],"predecessor-version":[{"id":65110,"href":"https:\/\/rna.ao\/rna.ao\/wp-json\/wp\/v2\/posts\/65107\/revisions\/65110"}],"wp:featuredmedia":[{"embeddable":true,"href":"https:\/\/rna.ao\/rna.ao\/wp-json\/wp\/v2\/media\/65109"}],"wp:attachment":[{"href":"https:\/\/rna.ao\/rna.ao\/wp-json\/wp\/v2\/media?parent=65107"}],"wp:term":[{"taxonomy":"category","embeddable":true,"href":"https:\/\/rna.ao\/rna.ao\/wp-json\/wp\/v2\/categories?post=65107"},{"taxonomy":"post_tag","embeddable":true,"href":"https:\/\/rna.ao\/rna.ao\/wp-json\/wp\/v2\/tags?post=65107"}],"curies":[{"name":"wp","href":"https:\/\/api.w.org\/{rel}","templated":true}]}}