{"id":65100,"date":"2022-06-08T07:03:35","date_gmt":"2022-06-08T06:03:35","guid":{"rendered":"https:\/\/rna.ao\/rna.ao\/?p=65100"},"modified":"2022-06-08T07:03:35","modified_gmt":"2022-06-08T06:03:35","slug":"moradores-do-rangel-agastados-com-a-falta-de-contentores-de-lixo-na-circunscricao-administracao-local-garante-mudanca-do-cenario","status":"publish","type":"post","link":"https:\/\/rna.ao\/rna.ao\/2022\/06\/08\/moradores-do-rangel-agastados-com-a-falta-de-contentores-de-lixo-na-circunscricao-administracao-local-garante-mudanca-do-cenario\/","title":{"rendered":"Moradores do Rangel agastados com a falta de contentores de lixo na circunscri\u00e7\u00e3o. Administra\u00e7\u00e3o local garante mudan\u00e7a do cen\u00e1rio."},"content":{"rendered":"<p><img loading=\"lazy\" class=\"size-full wp-image-41272 alignleft\" src=\"https:\/\/rna.ao\/rna.ao\/wp-content\/uploads\/2021\/10\/Contentor-de-lixo-na-via.jpg\" alt=\"\" width=\"288\" height=\"207\" \/>Os moradores do Distrito Urbano do Rangel, no Munic\u00edpio de Luanda, mostram-se agastados com a falta de contentores de lixo. O mun\u00edcipes dizem que um dos pontos onde depositam os res\u00edduos s\u00f3lidos \u00e9 junto a uma conduta de \u00e1gua, o que, muitas vezes, tem causado roturas na mesma. E a Administra\u00e7\u00e3o local reconhece a situa\u00e7\u00e3o, e garante que dentro em breve vai dar solu\u00e7\u00e3o ao problema. Clique, no \u00e1udio abaixo, e ou\u00e7a a reportagem do Louren\u00e7o Chivinda:<\/p>\n\t<div class=\"qtmplayer-playlist-large\">\n\t\t<ul class=\"qtmplayer-playlist\">\n\t\t\t\n\t\t\t\t\t<li class=\"qtmplayer-trackitem\">\n\t\t<img src=\"https:\/\/rna.ao\/rna.ao\/wp-content\/uploads\/2021\/10\/Contentor-de-lixo-na-via-100x100.jpg\" alt=\"cover\">\t\t<span \t\t\tdata-qtmplayer-cover=\"https:\/\/rna.ao\/rna.ao\/wp-content\/uploads\/2021\/10\/Contentor-de-lixo-na-via.jpg\"\n\t\t\t\t\t\tdata-qtmplayer-file=\"https:\/\/rna.ao\/rna.ao\/wp-content\/uploads\/2022\/06\/LOURENCO-CHIVINDA-CONTENTOR.mp3\"\n\t\t\t\t\t\tdata-qtmplayer-title=\"Moradores do Rangel agastados com a falta de contentores de lixo na circunscri\u00e7\u00e3o. Administra\u00e7\u00e3o local garante mudan\u00e7a do cen\u00e1rio.\"\n\t\t\t\t\t\tdata-qtmplayer-artist=\"RNA\"\n\t\t\t\t\t\tdata-qtmplayer-link=\"https:\/\/rna.ao\/rna.ao\/2022\/06\/08\/moradores-do-rangel-agastados-com-a-falta-de-contentores-de-lixo-na-circunscricao-administracao-local-garante-mudanca-do-cenario\/\"\n\t\t\t\t\t\tdata-qtmplayer-icon=\"file_download\"\n\t\t\t\t\t\tdata-qtmplayer-type=\"track\"\n\t\t\t class=\"qtmplayer-play qtmplayer-link-sec qtmplayer-play-btn\"><i class='material-icons'>play_arrow<\/i><\/span>\n\t\t<p>\n\t\t\t<span class=\"qtmplayer-tit\">Moradores do Rangel agastados com a falta de contentores de lixo na circunscri\u00e7\u00e3o. Administra\u00e7\u00e3o local garante mudan\u00e7a do cen\u00e1rio.<\/span>\n\t\t\t<span class=\"qtmplayer-art\">RNA<\/span>\n\t\t<\/p>\n\t<\/li>\n\t\t<\/ul>\n\t<\/div>\t\t\t\n\t\n<p><strong>Fonte: R\u00e1dio Luanda\/RNA<\/strong><\/p>\n<p>&nbsp;<\/p>\n","protected":false},"excerpt":{"rendered":"<p>Os moradores do Distrito Urbano do Rangel, no Munic\u00edpio de Luanda, mostram-se agastados com a falta de contentores de lixo. O mun\u00edcipes dizem que um dos pontos onde depositam os res\u00edduos s\u00f3lidos \u00e9 junto a uma conduta de \u00e1gua, o que, muitas vezes, tem causado roturas na mesma. E a ...<\/p>\n","protected":false},"author":8,"featured_media":41272,"comment_status":"closed","ping_status":"closed","sticky":false,"template":"","format":"standard","meta":[],"categories":[141,133],"tags":[],"_links":{"self":[{"href":"https:\/\/rna.ao\/rna.ao\/wp-json\/wp\/v2\/posts\/65100"}],"collection":[{"href":"https:\/\/rna.ao\/rna.ao\/wp-json\/wp\/v2\/posts"}],"about":[{"href":"https:\/\/rna.ao\/rna.ao\/wp-json\/wp\/v2\/types\/post"}],"author":[{"embeddable":true,"href":"https:\/\/rna.ao\/rna.ao\/wp-json\/wp\/v2\/users\/8"}],"replies":[{"embeddable":true,"href":"https:\/\/rna.ao\/rna.ao\/wp-json\/wp\/v2\/comments?post=65100"}],"version-history":[{"count":1,"href":"https:\/\/rna.ao\/rna.ao\/wp-json\/wp\/v2\/posts\/65100\/revisions"}],"predecessor-version":[{"id":65102,"href":"https:\/\/rna.ao\/rna.ao\/wp-json\/wp\/v2\/posts\/65100\/revisions\/65102"}],"wp:featuredmedia":[{"embeddable":true,"href":"https:\/\/rna.ao\/rna.ao\/wp-json\/wp\/v2\/media\/41272"}],"wp:attachment":[{"href":"https:\/\/rna.ao\/rna.ao\/wp-json\/wp\/v2\/media?parent=65100"}],"wp:term":[{"taxonomy":"category","embeddable":true,"href":"https:\/\/rna.ao\/rna.ao\/wp-json\/wp\/v2\/categories?post=65100"},{"taxonomy":"post_tag","embeddable":true,"href":"https:\/\/rna.ao\/rna.ao\/wp-json\/wp\/v2\/tags?post=65100"}],"curies":[{"name":"wp","href":"https:\/\/api.w.org\/{rel}","templated":true}]}}