{"id":65099,"date":"2022-06-08T07:11:57","date_gmt":"2022-06-08T06:11:57","guid":{"rendered":"https:\/\/rna.ao\/rna.ao\/?p=65099"},"modified":"2022-06-08T07:11:57","modified_gmt":"2022-06-08T06:11:57","slug":"taxistas-comecam-a-receber-as-carteiras-profissionais-partir-de-julho-deste-ano","status":"publish","type":"post","link":"https:\/\/rna.ao\/rna.ao\/2022\/06\/08\/taxistas-comecam-a-receber-as-carteiras-profissionais-partir-de-julho-deste-ano\/","title":{"rendered":"Taxistas come\u00e7am a receber as carteiras profissionais partir de Julho deste ano"},"content":{"rendered":"<p><img loading=\"lazy\" class=\"size-full wp-image-16051 alignleft\" src=\"https:\/\/rna.ao\/rna.ao\/wp-content\/uploads\/2021\/01\/TAXISTAS.jpg\" alt=\"\" width=\"278\" height=\"156\" \/>A partir de Julho, deste ano, o Governo angolano inicia o processo de atribui\u00e7\u00e3o de Carteiras Profissionais aos taxistas e moto-taxistas, no \u00e2mbito da formaliza\u00e7\u00e3o dessa actividade, anunciou ter\u00e7a-feira, 07\/06, a Secret\u00e1ria de Estado da Economia, Dalva Ringote.<\/p>\n<p>Intervindo no habitual encontro com jornalistas, Dalva Ringote disse que mediante uma forma\u00e7\u00e3o intensiva, a ser ministrada a partir de 6 de Julho pr\u00f3ximo \u00e0queles profissionais, o Minist\u00e9rio dos Transportes atribuir\u00e1 as primeiras carteiras a essa classe de profissionais.<\/p>\n<p>A fase inicial da forma\u00e7\u00e3o intensiva beneficiar\u00e1 em principio o Munic\u00edpio de Luanda, e vai abranger dois mil profissionais, sendo mil taxistas e igual n\u00famero para moto-taxistas.<\/p>\n<p>Participar\u00e3o deste processo de formaliza\u00e7\u00e3o, servi\u00e7os como Administra\u00e7\u00e3o Geral Tribut\u00e1ria (AGT), Instituto Nacional de Apoio \u00e0s Micro, Pequenas e M\u00e9dias Empresas (Inapem), Instituto Nacional do Emprego e de Forma\u00e7\u00e3o Profissional\u00a0 (Inefop) e o Guich\u00e9 \u00fanica da Empresa (GUE).<\/p>\n<p>Os taxistas e moto-taxistas representam, actualmente, uma classe consider\u00e1vel de agentes econ\u00f3micos, que ainda n\u00e3o contribui para as despesas do Estado.<\/p>\n<p>A n\u00edvel do pa\u00eds contam-se milhares de taxistas. Calcula-se que a maioria exerce a actividade de modo informal.<\/p>\n","protected":false},"excerpt":{"rendered":"<p>A partir de Julho, deste ano, o Governo angolano inicia o processo de atribui\u00e7\u00e3o de Carteiras Profissionais aos taxistas e moto-taxistas, no \u00e2mbito da formaliza\u00e7\u00e3o dessa actividade, anunciou ter\u00e7a-feira, 07\/06, a Secret\u00e1ria de Estado da Economia, Dalva Ringote. Intervindo no habitual encontro com jornalistas, Dalva Ringote disse que mediante uma ...<\/p>\n","protected":false},"author":8,"featured_media":16051,"comment_status":"closed","ping_status":"closed","sticky":false,"template":"","format":"standard","meta":[],"categories":[141,133],"tags":[],"_links":{"self":[{"href":"https:\/\/rna.ao\/rna.ao\/wp-json\/wp\/v2\/posts\/65099"}],"collection":[{"href":"https:\/\/rna.ao\/rna.ao\/wp-json\/wp\/v2\/posts"}],"about":[{"href":"https:\/\/rna.ao\/rna.ao\/wp-json\/wp\/v2\/types\/post"}],"author":[{"embeddable":true,"href":"https:\/\/rna.ao\/rna.ao\/wp-json\/wp\/v2\/users\/8"}],"replies":[{"embeddable":true,"href":"https:\/\/rna.ao\/rna.ao\/wp-json\/wp\/v2\/comments?post=65099"}],"version-history":[{"count":1,"href":"https:\/\/rna.ao\/rna.ao\/wp-json\/wp\/v2\/posts\/65099\/revisions"}],"predecessor-version":[{"id":65106,"href":"https:\/\/rna.ao\/rna.ao\/wp-json\/wp\/v2\/posts\/65099\/revisions\/65106"}],"wp:featuredmedia":[{"embeddable":true,"href":"https:\/\/rna.ao\/rna.ao\/wp-json\/wp\/v2\/media\/16051"}],"wp:attachment":[{"href":"https:\/\/rna.ao\/rna.ao\/wp-json\/wp\/v2\/media?parent=65099"}],"wp:term":[{"taxonomy":"category","embeddable":true,"href":"https:\/\/rna.ao\/rna.ao\/wp-json\/wp\/v2\/categories?post=65099"},{"taxonomy":"post_tag","embeddable":true,"href":"https:\/\/rna.ao\/rna.ao\/wp-json\/wp\/v2\/tags?post=65099"}],"curies":[{"name":"wp","href":"https:\/\/api.w.org\/{rel}","templated":true}]}}