{"id":65087,"date":"2022-06-08T05:53:56","date_gmt":"2022-06-08T04:53:56","guid":{"rendered":"https:\/\/rna.ao\/rna.ao\/?p=65087"},"modified":"2022-06-08T06:21:30","modified_gmt":"2022-06-08T05:21:30","slug":"basquetebol-senhoras-do-dagosto-e-interclube-decidem-sexta-feira-10-em-malanje-o-trofeu-da-supertaca","status":"publish","type":"post","link":"https:\/\/rna.ao\/rna.ao\/2022\/06\/08\/basquetebol-senhoras-do-dagosto-e-interclube-decidem-sexta-feira-10-em-malanje-o-trofeu-da-supertaca\/","title":{"rendered":"Basquetebol: Senhoras do D&#8217;Agosto e Interclube decidem sexta-feira (10), em Malanje, o trof\u00e9u da Superta\u00e7a"},"content":{"rendered":"<p><img loading=\"lazy\" class=\"size-full wp-image-24150 alignleft\" src=\"https:\/\/rna.ao\/rna.ao\/wp-content\/uploads\/2021\/05\/Basquetebol-Inter-vs-DAgosto.png\" alt=\"\" width=\"295\" height=\"239\" \/>\u00c9 j\u00e1 nesta sexta-feira, 10 de Junho, que, em Malanje, as senhoras do 1\u00ba D&#8217;Agosto decidem o trof\u00e9u da Superta\u00e7a diante do arquirrival o Interclube. As &#8220;militares&#8221; ir\u00e3o \u00e0s terras da Palanca Negra com o intuito de manter o trof\u00e9u na sua galeria, segundo o treinador Walter Costa. Clique no \u00e1udio e ou\u00e7a:<\/p>\n\t<div class=\"qtmplayer-playlist-large\">\n\t\t<ul class=\"qtmplayer-playlist\">\n\t\t\t\n\t\t\t\t\t<li class=\"qtmplayer-trackitem\">\n\t\t<img src=\"https:\/\/rna.ao\/rna.ao\/wp-content\/uploads\/2021\/05\/Basquetebol-Inter-vs-DAgosto-100x100.png\" alt=\"cover\">\t\t<span \t\t\tdata-qtmplayer-cover=\"https:\/\/rna.ao\/rna.ao\/wp-content\/uploads\/2021\/05\/Basquetebol-Inter-vs-DAgosto.png\"\n\t\t\t\t\t\tdata-qtmplayer-file=\"https:\/\/rna.ao\/rna.ao\/wp-content\/uploads\/2022\/06\/P-A-6-WALTER-COSTA-08-06-22.mp3\"\n\t\t\t\t\t\tdata-qtmplayer-title=\"Basquetebol: Senhoras do D&#8217;Agosto e Interclube decidem sexta-feira (10), em Malanje, o trof\u00e9u da Superta\u00e7a\"\n\t\t\t\t\t\tdata-qtmplayer-artist=\"RNA\"\n\t\t\t\t\t\tdata-qtmplayer-link=\"https:\/\/rna.ao\/rna.ao\/2022\/06\/08\/basquetebol-senhoras-do-dagosto-e-interclube-decidem-sexta-feira-10-em-malanje-o-trofeu-da-supertaca\/\"\n\t\t\t\t\t\tdata-qtmplayer-icon=\"file_download\"\n\t\t\t\t\t\tdata-qtmplayer-type=\"track\"\n\t\t\t class=\"qtmplayer-play qtmplayer-link-sec qtmplayer-play-btn\"><i class='material-icons'>play_arrow<\/i><\/span>\n\t\t<p>\n\t\t\t<span class=\"qtmplayer-tit\">Basquetebol: Senhoras do D&#8217;Agosto e Interclube decidem sexta-feira (10), em Malanje, o trof\u00e9u da Superta\u00e7a<\/span>\n\t\t\t<span class=\"qtmplayer-art\">RNA<\/span>\n\t\t<\/p>\n\t<\/li>\n\t\t<\/ul>\n\t<\/div>\t\t\t\n\t\n<p>E as &#8220;pol\u00edcias&#8221;, depois de perderem os trof\u00e9us da \u00e9poca passada, pensam recuperar as conquistas, de acordo com Fernando Sapalo o adjunto de Carlos Dinis. Clique no \u00e1udio e ou\u00e7a:<\/p>\n\t<div class=\"qtmplayer-playlist-large\">\n\t\t<ul class=\"qtmplayer-playlist\">\n\t\t\t\n\t\t\t\t\t<li class=\"qtmplayer-trackitem\">\n\t\t<img src=\"https:\/\/rna.ao\/rna.ao\/wp-content\/uploads\/2021\/05\/Basquetebol-Inter-vs-DAgosto-100x100.png\" alt=\"cover\">\t\t<span \t\t\tdata-qtmplayer-cover=\"https:\/\/rna.ao\/rna.ao\/wp-content\/uploads\/2021\/05\/Basquetebol-Inter-vs-DAgosto.png\"\n\t\t\t\t\t\tdata-qtmplayer-file=\"https:\/\/rna.ao\/rna.ao\/wp-content\/uploads\/2022\/06\/P-A-7-FERNANDO-SAPALO-08-06-22.mp3\"\n\t\t\t\t\t\tdata-qtmplayer-title=\"Basquetebol: Senhoras do D&#8217;Agosto e Interclube decidem sexta-feira (10), em Malanje, o trof\u00e9u da Superta\u00e7a\"\n\t\t\t\t\t\tdata-qtmplayer-artist=\"RNA\"\n\t\t\t\t\t\tdata-qtmplayer-link=\"https:\/\/rna.ao\/rna.ao\/2022\/06\/08\/basquetebol-senhoras-do-dagosto-e-interclube-decidem-sexta-feira-10-em-malanje-o-trofeu-da-supertaca\/\"\n\t\t\t\t\t\tdata-qtmplayer-icon=\"file_download\"\n\t\t\t\t\t\tdata-qtmplayer-type=\"track\"\n\t\t\t class=\"qtmplayer-play qtmplayer-link-sec qtmplayer-play-btn\"><i class='material-icons'>play_arrow<\/i><\/span>\n\t\t<p>\n\t\t\t<span class=\"qtmplayer-tit\">Basquetebol: Senhoras do D&#8217;Agosto e Interclube decidem sexta-feira (10), em Malanje, o trof\u00e9u da Superta\u00e7a<\/span>\n\t\t\t<span class=\"qtmplayer-art\">RNA<\/span>\n\t\t<\/p>\n\t<\/li>\n\t\t<\/ul>\n\t<\/div>\t\t\t\n\t\n<p>Fonte: R\u00e1dio 5\/RNA<\/p>\n","protected":false},"excerpt":{"rendered":"<p>\u00c9 j\u00e1 nesta sexta-feira, 10 de Junho, que, em Malanje, as senhoras do 1\u00ba D&#8217;Agosto decidem o trof\u00e9u da Superta\u00e7a diante do arquirrival o Interclube. As &#8220;militares&#8221; ir\u00e3o \u00e0s terras da Palanca Negra com o intuito de manter o trof\u00e9u na sua galeria, segundo o treinador Walter Costa. Clique no ...<\/p>\n","protected":false},"author":8,"featured_media":24150,"comment_status":"closed","ping_status":"closed","sticky":false,"template":"","format":"standard","meta":[],"categories":[145,125,164],"tags":[],"_links":{"self":[{"href":"https:\/\/rna.ao\/rna.ao\/wp-json\/wp\/v2\/posts\/65087"}],"collection":[{"href":"https:\/\/rna.ao\/rna.ao\/wp-json\/wp\/v2\/posts"}],"about":[{"href":"https:\/\/rna.ao\/rna.ao\/wp-json\/wp\/v2\/types\/post"}],"author":[{"embeddable":true,"href":"https:\/\/rna.ao\/rna.ao\/wp-json\/wp\/v2\/users\/8"}],"replies":[{"embeddable":true,"href":"https:\/\/rna.ao\/rna.ao\/wp-json\/wp\/v2\/comments?post=65087"}],"version-history":[{"count":1,"href":"https:\/\/rna.ao\/rna.ao\/wp-json\/wp\/v2\/posts\/65087\/revisions"}],"predecessor-version":[{"id":65090,"href":"https:\/\/rna.ao\/rna.ao\/wp-json\/wp\/v2\/posts\/65087\/revisions\/65090"}],"wp:featuredmedia":[{"embeddable":true,"href":"https:\/\/rna.ao\/rna.ao\/wp-json\/wp\/v2\/media\/24150"}],"wp:attachment":[{"href":"https:\/\/rna.ao\/rna.ao\/wp-json\/wp\/v2\/media?parent=65087"}],"wp:term":[{"taxonomy":"category","embeddable":true,"href":"https:\/\/rna.ao\/rna.ao\/wp-json\/wp\/v2\/categories?post=65087"},{"taxonomy":"post_tag","embeddable":true,"href":"https:\/\/rna.ao\/rna.ao\/wp-json\/wp\/v2\/tags?post=65087"}],"curies":[{"name":"wp","href":"https:\/\/api.w.org\/{rel}","templated":true}]}}