{"id":65075,"date":"2022-06-08T05:49:29","date_gmt":"2022-06-08T04:49:29","guid":{"rendered":"https:\/\/rna.ao\/rna.ao\/?p=65075"},"modified":"2022-06-08T05:57:57","modified_gmt":"2022-06-08T04:57:57","slug":"pepe-claros-e-pupilos-cumprem-hoje-o-segundo-dia-da-preparacao-em-malanje","status":"publish","type":"post","link":"https:\/\/rna.ao\/rna.ao\/2022\/06\/08\/pepe-claros-e-pupilos-cumprem-hoje-o-segundo-dia-da-preparacao-em-malanje\/","title":{"rendered":"Pepe Clar\u00f3s e pupilos cumprem hoje o segundo dia da prepara\u00e7\u00e3o em Malanje"},"content":{"rendered":"<p><img loading=\"lazy\" class=\"size-full wp-image-43031 alignleft\" src=\"https:\/\/rna.ao\/rna.ao\/wp-content\/uploads\/2021\/11\/Pepe-Claros.jpg\" alt=\"\" width=\"304\" height=\"247\" \/>A pr\u00e9-sele\u00e7\u00e3o nacional \u00a0masculina de basquetebol cumpre hoje, 08 de Junho, aquele que ser\u00e1 j\u00e1 o segundo dia de trabalho, na Prov\u00edncia de Malange. Tendo na forja a segunda janela qualificativa ao Mundial da \u00c1sia, o selecionador nacional, Pepe Clar\u00f3s, pede tempo e paci\u00eancia aos que acompanham um trabalho tendente a forjar uma nova selec\u00e7\u00e3o, que consiga fazer frente aos oponentes da janela de Abidjan, na Costa do Marfim. Clique no \u00e1udio e ou\u00e7a:<\/p>\n\t<div class=\"qtmplayer-playlist-large\">\n\t\t<ul class=\"qtmplayer-playlist\">\n\t\t\t\n\t\t\t\t\t<li class=\"qtmplayer-trackitem\">\n\t\t<img src=\"https:\/\/rna.ao\/rna.ao\/wp-content\/uploads\/2021\/11\/Pepe-Claros-100x100.jpg\" alt=\"cover\">\t\t<span \t\t\tdata-qtmplayer-cover=\"https:\/\/rna.ao\/rna.ao\/wp-content\/uploads\/2021\/11\/Pepe-Claros.jpg\"\n\t\t\t\t\t\tdata-qtmplayer-file=\"https:\/\/rna.ao\/rna.ao\/wp-content\/uploads\/2022\/06\/P-A-8-PEPE-CLAROS-08-06-22.mp3\"\n\t\t\t\t\t\tdata-qtmplayer-title=\"Pepe Clar\u00f3s e pupilos cumprem hoje o segundo dia da prepara\u00e7\u00e3o em Malanje\"\n\t\t\t\t\t\tdata-qtmplayer-artist=\"RNA\"\n\t\t\t\t\t\tdata-qtmplayer-link=\"https:\/\/rna.ao\/rna.ao\/2022\/06\/08\/pepe-claros-e-pupilos-cumprem-hoje-o-segundo-dia-da-preparacao-em-malanje\/\"\n\t\t\t\t\t\tdata-qtmplayer-icon=\"file_download\"\n\t\t\t\t\t\tdata-qtmplayer-type=\"track\"\n\t\t\t class=\"qtmplayer-play qtmplayer-link-sec qtmplayer-play-btn\"><i class='material-icons'>play_arrow<\/i><\/span>\n\t\t<p>\n\t\t\t<span class=\"qtmplayer-tit\">Pepe Clar\u00f3s e pupilos cumprem hoje o segundo dia da prepara\u00e7\u00e3o em Malanje<\/span>\n\t\t\t<span class=\"qtmplayer-art\">RNA<\/span>\n\t\t<\/p>\n\t<\/li>\n\t\t<\/ul>\n\t<\/div>\t\t\t\n\t\n<p>Enquanto isso, o extremo poste Leonel Paulo, o \u00fanico campe\u00e3o africano do grupo presente, enaltece a aposta nos jogadores mais jovens. Clique no \u00e1udio e ou\u00e7a:<\/p>\n\t<div class=\"qtmplayer-playlist-large\">\n\t\t<ul class=\"qtmplayer-playlist\">\n\t\t\t\n\t\t\t\t\t<li class=\"qtmplayer-trackitem\">\n\t\t<img src=\"https:\/\/rna.ao\/rna.ao\/wp-content\/uploads\/2021\/11\/Pepe-Claros-100x100.jpg\" alt=\"cover\">\t\t<span \t\t\tdata-qtmplayer-cover=\"https:\/\/rna.ao\/rna.ao\/wp-content\/uploads\/2021\/11\/Pepe-Claros.jpg\"\n\t\t\t\t\t\tdata-qtmplayer-file=\"https:\/\/rna.ao\/rna.ao\/wp-content\/uploads\/2022\/06\/P-A-9-LEONEL-PAULO-08-06-22.mp3\"\n\t\t\t\t\t\tdata-qtmplayer-title=\"Pepe Clar\u00f3s e pupilos cumprem hoje o segundo dia da prepara\u00e7\u00e3o em Malanje\"\n\t\t\t\t\t\tdata-qtmplayer-artist=\"RNA\"\n\t\t\t\t\t\tdata-qtmplayer-link=\"https:\/\/rna.ao\/rna.ao\/2022\/06\/08\/pepe-claros-e-pupilos-cumprem-hoje-o-segundo-dia-da-preparacao-em-malanje\/\"\n\t\t\t\t\t\tdata-qtmplayer-icon=\"file_download\"\n\t\t\t\t\t\tdata-qtmplayer-type=\"track\"\n\t\t\t class=\"qtmplayer-play qtmplayer-link-sec qtmplayer-play-btn\"><i class='material-icons'>play_arrow<\/i><\/span>\n\t\t<p>\n\t\t\t<span class=\"qtmplayer-tit\">Pepe Clar\u00f3s e pupilos cumprem hoje o segundo dia da prepara\u00e7\u00e3o em Malanje<\/span>\n\t\t\t<span class=\"qtmplayer-art\">RNA<\/span>\n\t\t<\/p>\n\t<\/li>\n\t\t<\/ul>\n\t<\/div>\t\t\t\n\t\n<p>Nesta janela de Abidjan, na Costa do Marfim, Angola vai defrontar as cong\u00e9neres da Costa do Marfim, Rep\u00fablica Centro Africana e Rep\u00fablica da Guin\u00e9. Os marfinenses lideram o grupo C com 6 pontos, fruto dos tr\u00eas triunfos obtidos na primeira janela de Benguela no \u00faltimo m\u00eas de Novembro.<\/p>\n<p>Fonte: R\u00e1dio 5\/RNA<\/p>\n","protected":false},"excerpt":{"rendered":"<p>A pr\u00e9-sele\u00e7\u00e3o nacional \u00a0masculina de basquetebol cumpre hoje, 08 de Junho, aquele que ser\u00e1 j\u00e1 o segundo dia de trabalho, na Prov\u00edncia de Malange. Tendo na forja a segunda janela qualificativa ao Mundial da \u00c1sia, o selecionador nacional, Pepe Clar\u00f3s, pede tempo e paci\u00eancia aos que acompanham um trabalho tendente ...<\/p>\n","protected":false},"author":8,"featured_media":43031,"comment_status":"closed","ping_status":"closed","sticky":false,"template":"","format":"standard","meta":[],"categories":[145,125,164],"tags":[],"_links":{"self":[{"href":"https:\/\/rna.ao\/rna.ao\/wp-json\/wp\/v2\/posts\/65075"}],"collection":[{"href":"https:\/\/rna.ao\/rna.ao\/wp-json\/wp\/v2\/posts"}],"about":[{"href":"https:\/\/rna.ao\/rna.ao\/wp-json\/wp\/v2\/types\/post"}],"author":[{"embeddable":true,"href":"https:\/\/rna.ao\/rna.ao\/wp-json\/wp\/v2\/users\/8"}],"replies":[{"embeddable":true,"href":"https:\/\/rna.ao\/rna.ao\/wp-json\/wp\/v2\/comments?post=65075"}],"version-history":[{"count":1,"href":"https:\/\/rna.ao\/rna.ao\/wp-json\/wp\/v2\/posts\/65075\/revisions"}],"predecessor-version":[{"id":65078,"href":"https:\/\/rna.ao\/rna.ao\/wp-json\/wp\/v2\/posts\/65075\/revisions\/65078"}],"wp:featuredmedia":[{"embeddable":true,"href":"https:\/\/rna.ao\/rna.ao\/wp-json\/wp\/v2\/media\/43031"}],"wp:attachment":[{"href":"https:\/\/rna.ao\/rna.ao\/wp-json\/wp\/v2\/media?parent=65075"}],"wp:term":[{"taxonomy":"category","embeddable":true,"href":"https:\/\/rna.ao\/rna.ao\/wp-json\/wp\/v2\/categories?post=65075"},{"taxonomy":"post_tag","embeddable":true,"href":"https:\/\/rna.ao\/rna.ao\/wp-json\/wp\/v2\/tags?post=65075"}],"curies":[{"name":"wp","href":"https:\/\/api.w.org\/{rel}","templated":true}]}}