{"id":65072,"date":"2022-06-08T05:52:16","date_gmt":"2022-06-08T04:52:16","guid":{"rendered":"https:\/\/rna.ao\/rna.ao\/?p=65072"},"modified":"2022-06-08T05:52:16","modified_gmt":"2022-06-08T04:52:16","slug":"ministra-da-juventude-e-desportos-recebe-judocas-e-lutadores-que-estiveram-nos-africanos-da-argelia-e-marrocos","status":"publish","type":"post","link":"https:\/\/rna.ao\/rna.ao\/2022\/06\/08\/ministra-da-juventude-e-desportos-recebe-judocas-e-lutadores-que-estiveram-nos-africanos-da-argelia-e-marrocos\/","title":{"rendered":"Ministra da Juventude e Desportos recebe judocas e lutadores que estiveram nos Africanos da Arg\u00e9lia e Marrocos"},"content":{"rendered":"<p><img loading=\"lazy\" class=\" wp-image-64306 aligncenter\" src=\"https:\/\/rna.ao\/rna.ao\/wp-content\/uploads\/2022\/06\/Ana-Paula-do-Sacramento-Neto.jpg\" alt=\"\" width=\"724\" height=\"458\" \/>A Ministra da Juventude e Desportos, Ana Paula do Sacramento Neto, recebe esta quarta-feira, 08 de Junho, no edif\u00edcio sede do Minist\u00e9rio, as selec\u00e7\u00f5es nacionais de Judo e de Lutas, que, no passado m\u00eas de Maio, evolu\u00edram nos Campeonatos Africanos da Arg\u00e9lia e do Marrocos.<\/p>\n<p>Recorde-se que, o Judo terminou o Africano de Oran na Arg\u00e9lia no 6\u00ba lugar do quadro geral de medalhas, depois da conquista pela primeira vez de uma medalha de ouro, pelo especialista Edmilson Pedro da categoria de 66 kg e mais uma de bronze.<\/p>\n<p>Na ter\u00e7a-feira, 07\/06, a titular da pasta dos desportos recebeu em audi\u00eancia a direc\u00e7\u00e3o da Federa\u00e7\u00e3o Angolana de Patinagem, encabe\u00e7ada pelo seu Presidente Dion\u00edsio Viegas. Durante o encontro foram apresentadas as necessidades mais prementes do \u00f3rg\u00e3o reitor da modalidade, que, este ano, estar\u00e1 presente em duas empreitadas, o Africano do Egipto em Setembro, e o Mundial da Argentina em Novembro. De acordo com o presidente Dion\u00edsio Viegas, para as duas empreitadas o seu pelouro vai precisar de exactamente 500 milh\u00f5es de Kzs. Clique no \u00e1udio e ou\u00e7a:<\/p>\n\t<div class=\"qtmplayer-playlist-large\">\n\t\t<ul class=\"qtmplayer-playlist\">\n\t\t\t\n\t\t\t\t\t<li class=\"qtmplayer-trackitem\">\n\t\t<img src=\"https:\/\/rna.ao\/rna.ao\/wp-content\/uploads\/2022\/06\/Ana-Paula-do-Sacramento-Neto-100x100.jpg\" alt=\"cover\">\t\t<span \t\t\tdata-qtmplayer-cover=\"https:\/\/rna.ao\/rna.ao\/wp-content\/uploads\/2022\/06\/Ana-Paula-do-Sacramento-Neto-370x370.jpg\"\n\t\t\t\t\t\tdata-qtmplayer-file=\"https:\/\/rna.ao\/rna.ao\/wp-content\/uploads\/2022\/06\/P-A-1-DIONISIO-VIEGAS-08-06-22.mp3\"\n\t\t\t\t\t\tdata-qtmplayer-title=\"Ministra da Juventude e Desportos recebe judocas e lutadores que estiveram nos Africanos da Arg\u00e9lia e Marrocos\"\n\t\t\t\t\t\tdata-qtmplayer-artist=\"RNA\"\n\t\t\t\t\t\tdata-qtmplayer-link=\"https:\/\/rna.ao\/rna.ao\/2022\/06\/08\/ministra-da-juventude-e-desportos-recebe-judocas-e-lutadores-que-estiveram-nos-africanos-da-argelia-e-marrocos\/\"\n\t\t\t\t\t\tdata-qtmplayer-icon=\"file_download\"\n\t\t\t\t\t\tdata-qtmplayer-type=\"track\"\n\t\t\t class=\"qtmplayer-play qtmplayer-link-sec qtmplayer-play-btn\"><i class='material-icons'>play_arrow<\/i><\/span>\n\t\t<p>\n\t\t\t<span class=\"qtmplayer-tit\">Ministra da Juventude e Desportos recebe judocas e lutadores que estiveram nos Africanos da Arg\u00e9lia e Marrocos<\/span>\n\t\t\t<span class=\"qtmplayer-art\">RNA<\/span>\n\t\t<\/p>\n\t<\/li>\n\t\t<\/ul>\n\t<\/div>\t\t\t\n\t\n<p>Fonte: R\u00e1dio 5\/RNA<\/p>\n","protected":false},"excerpt":{"rendered":"<p>A Ministra da Juventude e Desportos, Ana Paula do Sacramento Neto, recebe esta quarta-feira, 08 de Junho, no edif\u00edcio sede do Minist\u00e9rio, as selec\u00e7\u00f5es nacionais de Judo e de Lutas, que, no passado m\u00eas de Maio, evolu\u00edram nos Campeonatos Africanos da Arg\u00e9lia e do Marrocos. Recorde-se que, o Judo terminou ...<\/p>\n","protected":false},"author":8,"featured_media":64306,"comment_status":"closed","ping_status":"closed","sticky":false,"template":"","format":"standard","meta":[],"categories":[145,125,164],"tags":[],"_links":{"self":[{"href":"https:\/\/rna.ao\/rna.ao\/wp-json\/wp\/v2\/posts\/65072"}],"collection":[{"href":"https:\/\/rna.ao\/rna.ao\/wp-json\/wp\/v2\/posts"}],"about":[{"href":"https:\/\/rna.ao\/rna.ao\/wp-json\/wp\/v2\/types\/post"}],"author":[{"embeddable":true,"href":"https:\/\/rna.ao\/rna.ao\/wp-json\/wp\/v2\/users\/8"}],"replies":[{"embeddable":true,"href":"https:\/\/rna.ao\/rna.ao\/wp-json\/wp\/v2\/comments?post=65072"}],"version-history":[{"count":1,"href":"https:\/\/rna.ao\/rna.ao\/wp-json\/wp\/v2\/posts\/65072\/revisions"}],"predecessor-version":[{"id":65074,"href":"https:\/\/rna.ao\/rna.ao\/wp-json\/wp\/v2\/posts\/65072\/revisions\/65074"}],"wp:featuredmedia":[{"embeddable":true,"href":"https:\/\/rna.ao\/rna.ao\/wp-json\/wp\/v2\/media\/64306"}],"wp:attachment":[{"href":"https:\/\/rna.ao\/rna.ao\/wp-json\/wp\/v2\/media?parent=65072"}],"wp:term":[{"taxonomy":"category","embeddable":true,"href":"https:\/\/rna.ao\/rna.ao\/wp-json\/wp\/v2\/categories?post=65072"},{"taxonomy":"post_tag","embeddable":true,"href":"https:\/\/rna.ao\/rna.ao\/wp-json\/wp\/v2\/tags?post=65072"}],"curies":[{"name":"wp","href":"https:\/\/api.w.org\/{rel}","templated":true}]}}