{"id":65068,"date":"2022-06-07T18:22:52","date_gmt":"2022-06-07T17:22:52","guid":{"rendered":"https:\/\/rna.ao\/rna.ao\/?p=65068"},"modified":"2022-06-07T18:22:52","modified_gmt":"2022-06-07T17:22:52","slug":"parlamento-europeu-considera-que-turquia-continua-longe-da-ue","status":"publish","type":"post","link":"https:\/\/rna.ao\/rna.ao\/2022\/06\/07\/parlamento-europeu-considera-que-turquia-continua-longe-da-ue\/","title":{"rendered":"Parlamento Europeu considera que Turquia continua longe da UE"},"content":{"rendered":"<p><img loading=\"lazy\" class=\"alignnone size-full wp-image-65069\" src=\"https:\/\/rna.ao\/rna.ao\/wp-content\/uploads\/2022\/06\/E11C6472-23DD-475E-82FF-04CBCAF031DE.jpeg\" alt=\"\" width=\"600\" height=\"400\" \/><br \/>\nO Parlamento Europeu considerou hoje que a Turquia continua afastada da Uni\u00e3o Europeia (UE), pedindo uma mudan\u00e7a de atitude por parte de Ancara face \u00e0 inten\u00e7\u00e3o da Su\u00e9cia e da Finl\u00e2ndia de aderirem \u00e0 NATO.<\/p>\n<p>Num relat\u00f3rio aprovado esta ter\u00e7a-feira por <strong>448 votos a favor, 67 contra e 107 absten\u00e7\u00f5es<\/strong>, os eurodeputados sustentam <strong>n\u00e3o poder ser alterada a posi\u00e7\u00e3o do Parlamento Europeu relativa \u00e0 suspens\u00e3o formal das negocia\u00e7\u00f5es da ades\u00e3o da Turquia \u00e0 UE<\/strong>, bloqueadas desde 2018.<\/p>\n<p>Segundo um comunicado, os eurodeputados defendem que uma \u201ccolabora\u00e7\u00e3o mais estreita entre a UE e a Turquia sobre a pol\u00edtica externa e de defesa \u00e9 essencial\u201d e consideram ainda que<strong> n\u00e3o houve qualquer melhoria<\/strong> no que respeita \u00e0s liberdades fundamentais, a democracia e o Estado de direito na Turquia.<\/p>\n<p>A nota informativa refere que o Parlamento Europeu apela ainda a Ancara a \u201clidar de boa-f\u00e9 com os pedidos de ades\u00e3o \u00e0 NATO da Su\u00e9cia e da Finl\u00e2ndia\u201d, acrescentando que, no contexto da invas\u00e3o da Ucr\u00e2nia pela R\u00fassia, iniciada em 24 de fevereiro, \u00e9 essencial que todos os aliados da Organiza\u00e7\u00e3o do Tratado do Atl\u00e2ntico Norte \u201cajam com previd\u00eancia e ratifiquem rapidamente os protocolos de ades\u00e3o de ambos os pa\u00edses\u201d.<\/p>\n","protected":false},"excerpt":{"rendered":"<p>O Parlamento Europeu considerou hoje que a Turquia continua afastada da Uni\u00e3o Europeia (UE), pedindo uma mudan\u00e7a de atitude por parte de Ancara face \u00e0 inten\u00e7\u00e3o da Su\u00e9cia e da Finl\u00e2ndia de aderirem \u00e0 NATO. Num relat\u00f3rio aprovado esta ter\u00e7a-feira por 448 votos a favor, 67 contra e 107 absten\u00e7\u00f5es, ...<\/p>\n","protected":false},"author":8,"featured_media":65069,"comment_status":"closed","ping_status":"closed","sticky":false,"template":"","format":"standard","meta":[],"categories":[142,121,164,163],"tags":[],"_links":{"self":[{"href":"https:\/\/rna.ao\/rna.ao\/wp-json\/wp\/v2\/posts\/65068"}],"collection":[{"href":"https:\/\/rna.ao\/rna.ao\/wp-json\/wp\/v2\/posts"}],"about":[{"href":"https:\/\/rna.ao\/rna.ao\/wp-json\/wp\/v2\/types\/post"}],"author":[{"embeddable":true,"href":"https:\/\/rna.ao\/rna.ao\/wp-json\/wp\/v2\/users\/8"}],"replies":[{"embeddable":true,"href":"https:\/\/rna.ao\/rna.ao\/wp-json\/wp\/v2\/comments?post=65068"}],"version-history":[{"count":1,"href":"https:\/\/rna.ao\/rna.ao\/wp-json\/wp\/v2\/posts\/65068\/revisions"}],"predecessor-version":[{"id":65070,"href":"https:\/\/rna.ao\/rna.ao\/wp-json\/wp\/v2\/posts\/65068\/revisions\/65070"}],"wp:featuredmedia":[{"embeddable":true,"href":"https:\/\/rna.ao\/rna.ao\/wp-json\/wp\/v2\/media\/65069"}],"wp:attachment":[{"href":"https:\/\/rna.ao\/rna.ao\/wp-json\/wp\/v2\/media?parent=65068"}],"wp:term":[{"taxonomy":"category","embeddable":true,"href":"https:\/\/rna.ao\/rna.ao\/wp-json\/wp\/v2\/categories?post=65068"},{"taxonomy":"post_tag","embeddable":true,"href":"https:\/\/rna.ao\/rna.ao\/wp-json\/wp\/v2\/tags?post=65068"}],"curies":[{"name":"wp","href":"https:\/\/api.w.org\/{rel}","templated":true}]}}