{"id":65063,"date":"2022-06-07T15:08:38","date_gmt":"2022-06-07T14:08:38","guid":{"rendered":"https:\/\/rna.ao\/rna.ao\/?p=65063"},"modified":"2022-06-07T15:08:38","modified_gmt":"2022-06-07T14:08:38","slug":"furto-e-vandalizacao-de-equipamentos-electricos-deixa-bairros-do-huambo-as-escuras","status":"publish","type":"post","link":"https:\/\/rna.ao\/rna.ao\/2022\/06\/07\/furto-e-vandalizacao-de-equipamentos-electricos-deixa-bairros-do-huambo-as-escuras\/","title":{"rendered":"Furto e Vandaliza\u00e7\u00e3o de equipamentos el\u00e9ctricos deixa bairros do Huambo \u00e0s escuras."},"content":{"rendered":"<p><img loading=\"lazy\" class=\"alignnone size-medium wp-image-65064\" src=\"https:\/\/rna.ao\/rna.ao\/wp-content\/uploads\/2022\/06\/2DDCF193-ADB5-42E4-9D1E-98EA141011AB-770x434.jpeg\" alt=\"\" width=\"770\" height=\"434\" srcset=\"https:\/\/rna.ao\/rna.ao\/wp-content\/uploads\/2022\/06\/2DDCF193-ADB5-42E4-9D1E-98EA141011AB-770x434.jpeg 770w, https:\/\/rna.ao\/rna.ao\/wp-content\/uploads\/2022\/06\/2DDCF193-ADB5-42E4-9D1E-98EA141011AB-768x433.jpeg 768w, https:\/\/rna.ao\/rna.ao\/wp-content\/uploads\/2022\/06\/2DDCF193-ADB5-42E4-9D1E-98EA141011AB.jpeg 780w\" sizes=\"(max-width: 770px) 100vw, 770px\" \/><br \/>\nO Furto e Vandaliza\u00e7\u00e3o de equipamentos el\u00e9ctricos est\u00e3o a deixar muitos bairros do Huambo \u00e0s escuras.<\/p>\n<p>Os cidad\u00e3os implicados nesta pr\u00e1tica, est\u00e3o a destruir arm\u00e1rios para a retirada de barras de cobre.<\/p>\n<p>A situa\u00e7\u00e3o est\u00e1 a preocupar a ENDE que fala em preju\u00edzos acima dos tr\u00eas milh\u00f5es de kwanzas nos \u00faltimos dias. Jornalista Laurindo Vieira. \u00a0Clique no \u00e1udio abaixo e ou\u00e7a:<\/p>\n\t<div class=\"qtmplayer-playlist-large\">\n\t\t<ul class=\"qtmplayer-playlist\">\n\t\t\t\n\t\t\t\t\t<li class=\"qtmplayer-trackitem\">\n\t\t<img src=\"https:\/\/rna.ao\/rna.ao\/wp-content\/uploads\/2022\/06\/2DDCF193-ADB5-42E4-9D1E-98EA141011AB-100x100.jpeg\" alt=\"cover\">\t\t<span \t\t\tdata-qtmplayer-cover=\"https:\/\/rna.ao\/rna.ao\/wp-content\/uploads\/2022\/06\/2DDCF193-ADB5-42E4-9D1E-98EA141011AB-370x370.jpeg\"\n\t\t\t\t\t\tdata-qtmplayer-file=\"https:\/\/rna.ao\/rna.ao\/wp-content\/uploads\/2022\/06\/HUAMBO-ENERGIA-B-OM.mp3\"\n\t\t\t\t\t\tdata-qtmplayer-title=\"Furto e Vandaliza\u00e7\u00e3o de equipamentos el\u00e9ctricos deixa bairros do Huambo \u00e0s escuras.\"\n\t\t\t\t\t\tdata-qtmplayer-artist=\"RNA\"\n\t\t\t\t\t\tdata-qtmplayer-link=\"https:\/\/rna.ao\/rna.ao\/2022\/06\/07\/furto-e-vandalizacao-de-equipamentos-electricos-deixa-bairros-do-huambo-as-escuras\/\"\n\t\t\t\t\t\tdata-qtmplayer-icon=\"file_download\"\n\t\t\t\t\t\tdata-qtmplayer-type=\"track\"\n\t\t\t class=\"qtmplayer-play qtmplayer-link-sec qtmplayer-play-btn\"><i class='material-icons'>play_arrow<\/i><\/span>\n\t\t<p>\n\t\t\t<span class=\"qtmplayer-tit\">Furto e Vandaliza\u00e7\u00e3o de equipamentos el\u00e9ctricos deixa bairros do Huambo \u00e0s escuras.<\/span>\n\t\t\t<span class=\"qtmplayer-art\">RNA<\/span>\n\t\t<\/p>\n\t<\/li>\n\t\t<\/ul>\n\t<\/div>\t\t\t\n\t\n<p>&nbsp;<\/p>\n","protected":false},"excerpt":{"rendered":"<p>O Furto e Vandaliza\u00e7\u00e3o de equipamentos el\u00e9ctricos est\u00e3o a deixar muitos bairros do Huambo \u00e0s escuras. Os cidad\u00e3os implicados nesta pr\u00e1tica, est\u00e3o a destruir arm\u00e1rios para a retirada de barras de cobre. A situa\u00e7\u00e3o est\u00e1 a preocupar a ENDE que fala em preju\u00edzos acima dos tr\u00eas milh\u00f5es de kwanzas nos ...<\/p>\n","protected":false},"author":8,"featured_media":65064,"comment_status":"closed","ping_status":"closed","sticky":false,"template":"","format":"standard","meta":[],"categories":[142,121,164,163],"tags":[],"_links":{"self":[{"href":"https:\/\/rna.ao\/rna.ao\/wp-json\/wp\/v2\/posts\/65063"}],"collection":[{"href":"https:\/\/rna.ao\/rna.ao\/wp-json\/wp\/v2\/posts"}],"about":[{"href":"https:\/\/rna.ao\/rna.ao\/wp-json\/wp\/v2\/types\/post"}],"author":[{"embeddable":true,"href":"https:\/\/rna.ao\/rna.ao\/wp-json\/wp\/v2\/users\/8"}],"replies":[{"embeddable":true,"href":"https:\/\/rna.ao\/rna.ao\/wp-json\/wp\/v2\/comments?post=65063"}],"version-history":[{"count":1,"href":"https:\/\/rna.ao\/rna.ao\/wp-json\/wp\/v2\/posts\/65063\/revisions"}],"predecessor-version":[{"id":65066,"href":"https:\/\/rna.ao\/rna.ao\/wp-json\/wp\/v2\/posts\/65063\/revisions\/65066"}],"wp:featuredmedia":[{"embeddable":true,"href":"https:\/\/rna.ao\/rna.ao\/wp-json\/wp\/v2\/media\/65064"}],"wp:attachment":[{"href":"https:\/\/rna.ao\/rna.ao\/wp-json\/wp\/v2\/media?parent=65063"}],"wp:term":[{"taxonomy":"category","embeddable":true,"href":"https:\/\/rna.ao\/rna.ao\/wp-json\/wp\/v2\/categories?post=65063"},{"taxonomy":"post_tag","embeddable":true,"href":"https:\/\/rna.ao\/rna.ao\/wp-json\/wp\/v2\/tags?post=65063"}],"curies":[{"name":"wp","href":"https:\/\/api.w.org\/{rel}","templated":true}]}}