{"id":65059,"date":"2022-06-07T15:00:51","date_gmt":"2022-06-07T14:00:51","guid":{"rendered":"https:\/\/rna.ao\/rna.ao\/?p=65059"},"modified":"2022-06-07T15:00:51","modified_gmt":"2022-06-07T14:00:51","slug":"mau-estado-do-troco-maria-teresa-catete-na-estrada-nacional-230-preocupa-os-automobilistas","status":"publish","type":"post","link":"https:\/\/rna.ao\/rna.ao\/2022\/06\/07\/mau-estado-do-troco-maria-teresa-catete-na-estrada-nacional-230-preocupa-os-automobilistas\/","title":{"rendered":"Mau estado do tro\u00e7o-Maria Teresa Catete, na estrada nacional 230 preocupa os automobilistas."},"content":{"rendered":"<p><img loading=\"lazy\" class=\"alignnone size-full wp-image-65060\" src=\"https:\/\/rna.ao\/rna.ao\/wp-content\/uploads\/2022\/06\/14C7D2A8-D56E-4136-90F1-DE3262D8BE20.jpeg\" alt=\"\" width=\"549\" height=\"467\" \/><br \/>\nOs automobilizas que circulam no tro\u00e7o Maria Teresa- Catete na estrada nacional 230, reclamam o mau estado da via.<br \/>\nOs homens da estrada afirmam que a degrada\u00e7\u00e3o da via pode cortar a circular\u00e3o naquela regi\u00e3o.<\/p>\n<p>A administra\u00e7\u00e3o local, diz ter conhecimento da situa\u00e7\u00e3o e garante que nos pr\u00f3ximos dias come\u00e7a a repara\u00e7\u00e3o do tro\u00e7o. \u00a0Clique no \u00e1udio a baixo e ou\u00e7a a \u00a0reportagem com o Polaco Pedro<\/p>\n\t<div class=\"qtmplayer-playlist-large\">\n\t\t<ul class=\"qtmplayer-playlist\">\n\t\t\t\n\t\t\t\t\t<li class=\"qtmplayer-trackitem\">\n\t\t<img src=\"https:\/\/rna.ao\/rna.ao\/wp-content\/uploads\/2022\/06\/14C7D2A8-D56E-4136-90F1-DE3262D8BE20-100x100.jpeg\" alt=\"cover\">\t\t<span \t\t\tdata-qtmplayer-cover=\"https:\/\/rna.ao\/rna.ao\/wp-content\/uploads\/2022\/06\/14C7D2A8-D56E-4136-90F1-DE3262D8BE20-370x370.jpeg\"\n\t\t\t\t\t\tdata-qtmplayer-file=\"https:\/\/rna.ao\/rna.ao\/wp-content\/uploads\/2022\/06\/RADIO-VIANA-ESTRADA-BOM.mp3\"\n\t\t\t\t\t\tdata-qtmplayer-title=\"Mau estado do tro\u00e7o-Maria Teresa Catete, na estrada nacional 230 preocupa os automobilistas.\"\n\t\t\t\t\t\tdata-qtmplayer-artist=\"RNA\"\n\t\t\t\t\t\tdata-qtmplayer-link=\"https:\/\/rna.ao\/rna.ao\/2022\/06\/07\/mau-estado-do-troco-maria-teresa-catete-na-estrada-nacional-230-preocupa-os-automobilistas\/\"\n\t\t\t\t\t\tdata-qtmplayer-icon=\"file_download\"\n\t\t\t\t\t\tdata-qtmplayer-type=\"track\"\n\t\t\t class=\"qtmplayer-play qtmplayer-link-sec qtmplayer-play-btn\"><i class='material-icons'>play_arrow<\/i><\/span>\n\t\t<p>\n\t\t\t<span class=\"qtmplayer-tit\">Mau estado do tro\u00e7o-Maria Teresa Catete, na estrada nacional 230 preocupa os automobilistas.<\/span>\n\t\t\t<span class=\"qtmplayer-art\">RNA<\/span>\n\t\t<\/p>\n\t<\/li>\n\t\t<\/ul>\n\t<\/div>\t\t\t\n\t\n","protected":false},"excerpt":{"rendered":"<p>Os automobilizas que circulam no tro\u00e7o Maria Teresa- Catete na estrada nacional 230, reclamam o mau estado da via. Os homens da estrada afirmam que a degrada\u00e7\u00e3o da via pode cortar a circular\u00e3o naquela regi\u00e3o. A administra\u00e7\u00e3o local, diz ter conhecimento da situa\u00e7\u00e3o e garante que nos pr\u00f3ximos dias come\u00e7a ...<\/p>\n","protected":false},"author":8,"featured_media":65060,"comment_status":"closed","ping_status":"closed","sticky":false,"template":"","format":"standard","meta":[],"categories":[142,121,164,163],"tags":[],"_links":{"self":[{"href":"https:\/\/rna.ao\/rna.ao\/wp-json\/wp\/v2\/posts\/65059"}],"collection":[{"href":"https:\/\/rna.ao\/rna.ao\/wp-json\/wp\/v2\/posts"}],"about":[{"href":"https:\/\/rna.ao\/rna.ao\/wp-json\/wp\/v2\/types\/post"}],"author":[{"embeddable":true,"href":"https:\/\/rna.ao\/rna.ao\/wp-json\/wp\/v2\/users\/8"}],"replies":[{"embeddable":true,"href":"https:\/\/rna.ao\/rna.ao\/wp-json\/wp\/v2\/comments?post=65059"}],"version-history":[{"count":1,"href":"https:\/\/rna.ao\/rna.ao\/wp-json\/wp\/v2\/posts\/65059\/revisions"}],"predecessor-version":[{"id":65062,"href":"https:\/\/rna.ao\/rna.ao\/wp-json\/wp\/v2\/posts\/65059\/revisions\/65062"}],"wp:featuredmedia":[{"embeddable":true,"href":"https:\/\/rna.ao\/rna.ao\/wp-json\/wp\/v2\/media\/65060"}],"wp:attachment":[{"href":"https:\/\/rna.ao\/rna.ao\/wp-json\/wp\/v2\/media?parent=65059"}],"wp:term":[{"taxonomy":"category","embeddable":true,"href":"https:\/\/rna.ao\/rna.ao\/wp-json\/wp\/v2\/categories?post=65059"},{"taxonomy":"post_tag","embeddable":true,"href":"https:\/\/rna.ao\/rna.ao\/wp-json\/wp\/v2\/tags?post=65059"}],"curies":[{"name":"wp","href":"https:\/\/api.w.org\/{rel}","templated":true}]}}