{"id":64991,"date":"2022-06-07T09:45:40","date_gmt":"2022-06-07T08:45:40","guid":{"rendered":"https:\/\/rna.ao\/rna.ao\/?p=64991"},"modified":"2022-06-07T09:57:16","modified_gmt":"2022-06-07T08:57:16","slug":"executivo-angolano-entrega-amanha-as-ossadas-de-04-dirigentes-que-morreram-no-27-de-maio","status":"publish","type":"post","link":"https:\/\/rna.ao\/rna.ao\/2022\/06\/07\/executivo-angolano-entrega-amanha-as-ossadas-de-04-dirigentes-que-morreram-no-27-de-maio\/","title":{"rendered":"Executivo angolano entrega amanh\u00e3 as ossadas de 04 dirigentes que morreram no 27 de Maio"},"content":{"rendered":"<p><img loading=\"lazy\" class=\"alignnone size-full wp-image-25641\" src=\"https:\/\/rna.ao\/rna.ao\/wp-content\/uploads\/2021\/05\/Francisco-Queiros-1.jpg\" alt=\"\" width=\"318\" height=\"224\" \/><\/p>\n<p>O executivo angolano entrega amanh\u00e3 quarta-feira, 08 de Junho, as ossadas de 04 dirigentes, que morreram no 27 de maio.<\/p>\n<p>Tratam &#8211; se das ossadas de Alves Baptista \u201cNito Alves\u201d, Jacob Jo\u00e3o Caetano \u201cMonstro Imortal\u201d, Ars\u00e9nio Jos\u00e9 Louren\u00e7o, \u201cSianouk\u201d e Il\u00eddio Ramalhete, que foram identificados num local onde haviam ossadas de mais de vinte corpos.<\/p>\n<p>O Coordenador da CIVICOP, Francisco Queir\u00f3s, esclarece que as quatro vitimas v\u00e3o merecer honras militares.\u00a0 Clique no \u00e1udio e ou\u00e7a:<\/p>\n\t<div class=\"qtmplayer-playlist-large\">\n\t\t<ul class=\"qtmplayer-playlist\">\n\t\t\t\n\t\t\t\t\t<li class=\"qtmplayer-trackitem\">\n\t\t<img src=\"https:\/\/rna.ao\/rna.ao\/wp-content\/uploads\/2021\/05\/Francisco-Queiros-1-100x100.jpg\" alt=\"cover\">\t\t<span \t\t\tdata-qtmplayer-cover=\"https:\/\/rna.ao\/rna.ao\/wp-content\/uploads\/2021\/05\/Francisco-Queiros-1.jpg\"\n\t\t\t\t\t\tdata-qtmplayer-file=\"https:\/\/rna.ao\/rna.ao\/wp-content\/uploads\/2022\/06\/FRANCISCO-QUEIROS-1-08HRS-1.mp3\"\n\t\t\t\t\t\tdata-qtmplayer-title=\"Executivo angolano entrega amanh\u00e3 as ossadas de 04 dirigentes que morreram no 27 de Maio\"\n\t\t\t\t\t\tdata-qtmplayer-artist=\"RNA\"\n\t\t\t\t\t\tdata-qtmplayer-link=\"https:\/\/rna.ao\/rna.ao\/2022\/06\/07\/executivo-angolano-entrega-amanha-as-ossadas-de-04-dirigentes-que-morreram-no-27-de-maio\/\"\n\t\t\t\t\t\tdata-qtmplayer-icon=\"file_download\"\n\t\t\t\t\t\tdata-qtmplayer-type=\"track\"\n\t\t\t class=\"qtmplayer-play qtmplayer-link-sec qtmplayer-play-btn\"><i class='material-icons'>play_arrow<\/i><\/span>\n\t\t<p>\n\t\t\t<span class=\"qtmplayer-tit\">Executivo angolano entrega amanh\u00e3 as ossadas de 04 dirigentes que morreram no 27 de Maio<\/span>\n\t\t\t<span class=\"qtmplayer-art\">RNA<\/span>\n\t\t<\/p>\n\t<\/li>\n\t\t<\/ul>\n\t<\/div>\t\t\t\n\t\n<p>Francisco Queir\u00f3s avan\u00e7a, igualmente, que as ossadas de outros corpos aguardam por cruzamento de dados gen\u00e9ticos, recolhidos de poss\u00edveis familiares para sua identifica\u00e7\u00e3o.\u00a0 Clique no \u00e1udio e ou\u00e7a:<\/p>\n\t<div class=\"qtmplayer-playlist-large\">\n\t\t<ul class=\"qtmplayer-playlist\">\n\t\t\t\n\t\t\t\t\t<li class=\"qtmplayer-trackitem\">\n\t\t<img src=\"https:\/\/rna.ao\/rna.ao\/wp-content\/uploads\/2021\/05\/Francisco-Queiros-1-100x100.jpg\" alt=\"cover\">\t\t<span \t\t\tdata-qtmplayer-cover=\"https:\/\/rna.ao\/rna.ao\/wp-content\/uploads\/2021\/05\/Francisco-Queiros-1.jpg\"\n\t\t\t\t\t\tdata-qtmplayer-file=\"https:\/\/rna.ao\/rna.ao\/wp-content\/uploads\/2022\/06\/FRANCISCO-QUEIROS-2-08HRS.mp3\"\n\t\t\t\t\t\tdata-qtmplayer-title=\"Executivo angolano entrega amanh\u00e3 as ossadas de 04 dirigentes que morreram no 27 de Maio\"\n\t\t\t\t\t\tdata-qtmplayer-artist=\"RNA\"\n\t\t\t\t\t\tdata-qtmplayer-link=\"https:\/\/rna.ao\/rna.ao\/2022\/06\/07\/executivo-angolano-entrega-amanha-as-ossadas-de-04-dirigentes-que-morreram-no-27-de-maio\/\"\n\t\t\t\t\t\tdata-qtmplayer-icon=\"file_download\"\n\t\t\t\t\t\tdata-qtmplayer-type=\"track\"\n\t\t\t class=\"qtmplayer-play qtmplayer-link-sec qtmplayer-play-btn\"><i class='material-icons'>play_arrow<\/i><\/span>\n\t\t<p>\n\t\t\t<span class=\"qtmplayer-tit\">Executivo angolano entrega amanh\u00e3 as ossadas de 04 dirigentes que morreram no 27 de Maio<\/span>\n\t\t\t<span class=\"qtmplayer-art\">RNA<\/span>\n\t\t<\/p>\n\t<\/li>\n\t\t<\/ul>\n\t<\/div>\t\t\t\n\t\n<p><b><\/b>Fonte: RNA<\/p>\n","protected":false},"excerpt":{"rendered":"<p>O executivo angolano entrega amanh\u00e3 quarta-feira, 08 de Junho, as ossadas de 04 dirigentes, que morreram no 27 de maio. Tratam &#8211; se das ossadas de Alves Baptista \u201cNito Alves\u201d, Jacob Jo\u00e3o Caetano \u201cMonstro Imortal\u201d, Ars\u00e9nio Jos\u00e9 Louren\u00e7o, \u201cSianouk\u201d e Il\u00eddio Ramalhete, que foram identificados num local onde haviam ossadas ...<\/p>\n","protected":false},"author":8,"featured_media":25641,"comment_status":"closed","ping_status":"closed","sticky":false,"template":"","format":"standard","meta":[],"categories":[142,121,163],"tags":[],"_links":{"self":[{"href":"https:\/\/rna.ao\/rna.ao\/wp-json\/wp\/v2\/posts\/64991"}],"collection":[{"href":"https:\/\/rna.ao\/rna.ao\/wp-json\/wp\/v2\/posts"}],"about":[{"href":"https:\/\/rna.ao\/rna.ao\/wp-json\/wp\/v2\/types\/post"}],"author":[{"embeddable":true,"href":"https:\/\/rna.ao\/rna.ao\/wp-json\/wp\/v2\/users\/8"}],"replies":[{"embeddable":true,"href":"https:\/\/rna.ao\/rna.ao\/wp-json\/wp\/v2\/comments?post=64991"}],"version-history":[{"count":4,"href":"https:\/\/rna.ao\/rna.ao\/wp-json\/wp\/v2\/posts\/64991\/revisions"}],"predecessor-version":[{"id":65007,"href":"https:\/\/rna.ao\/rna.ao\/wp-json\/wp\/v2\/posts\/64991\/revisions\/65007"}],"wp:featuredmedia":[{"embeddable":true,"href":"https:\/\/rna.ao\/rna.ao\/wp-json\/wp\/v2\/media\/25641"}],"wp:attachment":[{"href":"https:\/\/rna.ao\/rna.ao\/wp-json\/wp\/v2\/media?parent=64991"}],"wp:term":[{"taxonomy":"category","embeddable":true,"href":"https:\/\/rna.ao\/rna.ao\/wp-json\/wp\/v2\/categories?post=64991"},{"taxonomy":"post_tag","embeddable":true,"href":"https:\/\/rna.ao\/rna.ao\/wp-json\/wp\/v2\/tags?post=64991"}],"curies":[{"name":"wp","href":"https:\/\/api.w.org\/{rel}","templated":true}]}}