{"id":64980,"date":"2022-06-07T09:09:01","date_gmt":"2022-06-07T08:09:01","guid":{"rendered":"https:\/\/rna.ao\/rna.ao\/?p=64980"},"modified":"2022-06-07T09:44:17","modified_gmt":"2022-06-07T08:44:17","slug":"acidente-de-viacao-esta-manha-em-viana-faz-quatro-vitimas-mortais-carbonizadas","status":"publish","type":"post","link":"https:\/\/rna.ao\/rna.ao\/2022\/06\/07\/acidente-de-viacao-esta-manha-em-viana-faz-quatro-vitimas-mortais-carbonizadas\/","title":{"rendered":"Acidente de via\u00e7\u00e3o esta manh\u00e3 em Viana faz quatro v\u00edtimas mortais carbonizadas"},"content":{"rendered":"<p>&nbsp;<\/p>\n<p style=\"font-weight: 400;\"><img loading=\"lazy\" class=\"size-medium wp-image-64993 alignleft\" src=\"https:\/\/rna.ao\/rna.ao\/wp-content\/uploads\/2022\/06\/IMG-20220607-WA0099-770x578.jpg\" alt=\"\" width=\"770\" height=\"578\" srcset=\"https:\/\/rna.ao\/rna.ao\/wp-content\/uploads\/2022\/06\/IMG-20220607-WA0099-770x578.jpg 770w, https:\/\/rna.ao\/rna.ao\/wp-content\/uploads\/2022\/06\/IMG-20220607-WA0099-768x576.jpg 768w, https:\/\/rna.ao\/rna.ao\/wp-content\/uploads\/2022\/06\/IMG-20220607-WA0099.jpg 1040w\" sizes=\"(max-width: 770px) 100vw, 770px\" \/>Um acidente de via\u00e7\u00e3o ocorrido esta madrugada no Distrito Urbano da Estalagem, no Munic\u00edpio de Viana, fez quatro mortos e um ferido grave.<\/p>\n<p style=\"font-weight: 400;\">De acordo com o porta-voz do Servi\u00e7o de Protec\u00e7\u00e3o Civil e Bombeiros, F\u00e9lix Domingos, as quatro v\u00edtimas morreram carbonizadas. Clique no \u00e1udio e ou\u00e7a:<\/p>\n\t<div class=\"qtmplayer-playlist-large\">\n\t\t<ul class=\"qtmplayer-playlist\">\n\t\t\t\n\t\t\t\t\t<li class=\"qtmplayer-trackitem\">\n\t\t<img src=\"https:\/\/rna.ao\/rna.ao\/wp-content\/uploads\/2022\/06\/IMG-20220607-WA0099-100x100.jpg\" alt=\"cover\">\t\t<span \t\t\tdata-qtmplayer-cover=\"https:\/\/rna.ao\/rna.ao\/wp-content\/uploads\/2022\/06\/IMG-20220607-WA0099-370x370.jpg\"\n\t\t\t\t\t\tdata-qtmplayer-file=\"https:\/\/rna.ao\/rna.ao\/wp-content\/uploads\/2022\/06\/FELIX-DOMINGOS-BOMBEIROS-07HRS.mp3\"\n\t\t\t\t\t\tdata-qtmplayer-title=\"Acidente de via\u00e7\u00e3o esta manh\u00e3 em Viana faz quatro v\u00edtimas mortais carbonizadas\"\n\t\t\t\t\t\tdata-qtmplayer-artist=\"RNA\"\n\t\t\t\t\t\tdata-qtmplayer-link=\"https:\/\/rna.ao\/rna.ao\/2022\/06\/07\/acidente-de-viacao-esta-manha-em-viana-faz-quatro-vitimas-mortais-carbonizadas\/\"\n\t\t\t\t\t\tdata-qtmplayer-icon=\"file_download\"\n\t\t\t\t\t\tdata-qtmplayer-type=\"track\"\n\t\t\t class=\"qtmplayer-play qtmplayer-link-sec qtmplayer-play-btn\"><i class='material-icons'>play_arrow<\/i><\/span>\n\t\t<p>\n\t\t\t<span class=\"qtmplayer-tit\">Acidente de via\u00e7\u00e3o esta manh\u00e3 em Viana faz quatro v\u00edtimas mortais carbonizadas<\/span>\n\t\t\t<span class=\"qtmplayer-art\">RNA<\/span>\n\t\t<\/p>\n\t<\/li>\n\t\t<\/ul>\n\t<\/div>\t\t\t\n\t\n<p style=\"font-weight: 400;\">\n","protected":false},"excerpt":{"rendered":"<p>&nbsp; Um acidente de via\u00e7\u00e3o ocorrido esta madrugada no Distrito Urbano da Estalagem, no Munic\u00edpio de Viana, fez quatro mortos e um ferido grave. De acordo com o porta-voz do Servi\u00e7o de Protec\u00e7\u00e3o Civil e Bombeiros, F\u00e9lix Domingos, as quatro v\u00edtimas morreram carbonizadas. Clique no \u00e1udio e ou\u00e7a:<\/p>\n","protected":false},"author":8,"featured_media":64993,"comment_status":"closed","ping_status":"closed","sticky":false,"template":"","format":"standard","meta":[],"categories":[142,121,141,133,163],"tags":[],"_links":{"self":[{"href":"https:\/\/rna.ao\/rna.ao\/wp-json\/wp\/v2\/posts\/64980"}],"collection":[{"href":"https:\/\/rna.ao\/rna.ao\/wp-json\/wp\/v2\/posts"}],"about":[{"href":"https:\/\/rna.ao\/rna.ao\/wp-json\/wp\/v2\/types\/post"}],"author":[{"embeddable":true,"href":"https:\/\/rna.ao\/rna.ao\/wp-json\/wp\/v2\/users\/8"}],"replies":[{"embeddable":true,"href":"https:\/\/rna.ao\/rna.ao\/wp-json\/wp\/v2\/comments?post=64980"}],"version-history":[{"count":4,"href":"https:\/\/rna.ao\/rna.ao\/wp-json\/wp\/v2\/posts\/64980\/revisions"}],"predecessor-version":[{"id":64999,"href":"https:\/\/rna.ao\/rna.ao\/wp-json\/wp\/v2\/posts\/64980\/revisions\/64999"}],"wp:featuredmedia":[{"embeddable":true,"href":"https:\/\/rna.ao\/rna.ao\/wp-json\/wp\/v2\/media\/64993"}],"wp:attachment":[{"href":"https:\/\/rna.ao\/rna.ao\/wp-json\/wp\/v2\/media?parent=64980"}],"wp:term":[{"taxonomy":"category","embeddable":true,"href":"https:\/\/rna.ao\/rna.ao\/wp-json\/wp\/v2\/categories?post=64980"},{"taxonomy":"post_tag","embeddable":true,"href":"https:\/\/rna.ao\/rna.ao\/wp-json\/wp\/v2\/tags?post=64980"}],"curies":[{"name":"wp","href":"https:\/\/api.w.org\/{rel}","templated":true}]}}