{"id":64958,"date":"2022-06-07T06:20:43","date_gmt":"2022-06-07T05:20:43","guid":{"rendered":"https:\/\/rna.ao\/rna.ao\/?p=64958"},"modified":"2022-06-07T06:20:43","modified_gmt":"2022-06-07T05:20:43","slug":"cafe-cipra-aborda-hoje-a-electrificacao-do-pais-e-o-seu-impacto-na-atraccao-de-investimentos","status":"publish","type":"post","link":"https:\/\/rna.ao\/rna.ao\/2022\/06\/07\/cafe-cipra-aborda-hoje-a-electrificacao-do-pais-e-o-seu-impacto-na-atraccao-de-investimentos\/","title":{"rendered":"Caf\u00e9 CIPRA aborda hoje a electrifica\u00e7\u00e3o do pa\u00eds e o seu impacto na atrac\u00e7\u00e3o de investimentos"},"content":{"rendered":"<p><img loading=\"lazy\" class=\"size-full wp-image-64959 alignleft\" src=\"https:\/\/rna.ao\/rna.ao\/wp-content\/uploads\/2022\/06\/Cafe-CIPRA.jpg\" alt=\"\" width=\"279\" height=\"161\" \/>O Caf\u00e9 CIPRA vai abordar hoje, 07 de Junho, em Luanda, a electrifica\u00e7\u00e3o do\u00a0 pa\u00eds e o seu impacto na atrac\u00e7\u00e3o de investimentos.<\/p>\n<p>A sexta edi\u00e7\u00e3o, a ser realizada no Centro de Imprensa da Presid\u00eancia da Rep\u00fablica, vai abordar o subsector de electricidade, que foi dos que maior crescimento registou nos \u00faltimos cinco anos, quer na qualidade do servi\u00e7o, quer na qualidade de investimentos.<\/p>\n<p>O desempenho deste indicador decorre da entrada em funcionamento da sexta unidade geradora de La\u00faca, da Central do Ciclo Combinado do Soyo, da instala\u00e7\u00e3o de novas Centrais T\u00e9rmicas no Luena, Saurimo, Cuito e Lubango, bem como da instala\u00e7\u00e3o e entrada em servi\u00e7o de novas Centrais H\u00edbridas, localizadas nas Prov\u00edncias de Cabinda, Benguela, Huambo, Namibe, Cunene e U\u00edge.<\/p>\n","protected":false},"excerpt":{"rendered":"<p>O Caf\u00e9 CIPRA vai abordar hoje, 07 de Junho, em Luanda, a electrifica\u00e7\u00e3o do\u00a0 pa\u00eds e o seu impacto na atrac\u00e7\u00e3o de investimentos. A sexta edi\u00e7\u00e3o, a ser realizada no Centro de Imprensa da Presid\u00eancia da Rep\u00fablica, vai abordar o subsector de electricidade, que foi dos que maior crescimento registou ...<\/p>\n","protected":false},"author":8,"featured_media":64959,"comment_status":"closed","ping_status":"closed","sticky":false,"template":"","format":"standard","meta":[],"categories":[142,121,164,163],"tags":[],"_links":{"self":[{"href":"https:\/\/rna.ao\/rna.ao\/wp-json\/wp\/v2\/posts\/64958"}],"collection":[{"href":"https:\/\/rna.ao\/rna.ao\/wp-json\/wp\/v2\/posts"}],"about":[{"href":"https:\/\/rna.ao\/rna.ao\/wp-json\/wp\/v2\/types\/post"}],"author":[{"embeddable":true,"href":"https:\/\/rna.ao\/rna.ao\/wp-json\/wp\/v2\/users\/8"}],"replies":[{"embeddable":true,"href":"https:\/\/rna.ao\/rna.ao\/wp-json\/wp\/v2\/comments?post=64958"}],"version-history":[{"count":1,"href":"https:\/\/rna.ao\/rna.ao\/wp-json\/wp\/v2\/posts\/64958\/revisions"}],"predecessor-version":[{"id":64960,"href":"https:\/\/rna.ao\/rna.ao\/wp-json\/wp\/v2\/posts\/64958\/revisions\/64960"}],"wp:featuredmedia":[{"embeddable":true,"href":"https:\/\/rna.ao\/rna.ao\/wp-json\/wp\/v2\/media\/64959"}],"wp:attachment":[{"href":"https:\/\/rna.ao\/rna.ao\/wp-json\/wp\/v2\/media?parent=64958"}],"wp:term":[{"taxonomy":"category","embeddable":true,"href":"https:\/\/rna.ao\/rna.ao\/wp-json\/wp\/v2\/categories?post=64958"},{"taxonomy":"post_tag","embeddable":true,"href":"https:\/\/rna.ao\/rna.ao\/wp-json\/wp\/v2\/tags?post=64958"}],"curies":[{"name":"wp","href":"https:\/\/api.w.org\/{rel}","templated":true}]}}