{"id":64955,"date":"2022-06-07T05:27:36","date_gmt":"2022-06-07T04:27:36","guid":{"rendered":"https:\/\/rna.ao\/rna.ao\/?p=64955"},"modified":"2022-06-07T06:10:53","modified_gmt":"2022-06-07T05:10:53","slug":"radar-economico-recursos-do-banco-mundial-devem-ser-usados-a-uma-boa-velocidade-para-nao-serem-pagos-sem-tirar-beneficio","status":"publish","type":"post","link":"https:\/\/rna.ao\/rna.ao\/2022\/06\/07\/radar-economico-recursos-do-banco-mundial-devem-ser-usados-a-uma-boa-velocidade-para-nao-serem-pagos-sem-tirar-beneficio\/","title":{"rendered":"RADAR ECON\u00d3MICO: Recursos do Banco Mundial devem ser usados a uma boa velocidade, para n\u00e3o serem pagos sem tirar benef\u00edcio"},"content":{"rendered":"<p><img loading=\"lazy\" class=\"size-full wp-image-30272 alignleft\" src=\"https:\/\/rna.ao\/rna.ao\/wp-content\/uploads\/2021\/07\/RADAR-ECONOMICO-MELHOR.jpg\" alt=\"\" width=\"188\" height=\"101\" \/>O Jornal de Economia da R\u00e1dio Nacional de Angola desta ter\u00e7a-feira, 07 de Junho, destaca que \u201ca Ministra das Finan\u00e7as quer maior rentabiliza\u00e7\u00e3o rentabiliza\u00e7\u00e3o dos financiamentos, que o Governo angolano est\u00e1 a beneficiar do Banco Mundial. No entender de Vera Daves de Sousa, \u00e9 preciso que os financiamentos e projectos, ligados \u00e0 v\u00e1rios sectores, gerem valor agregado para a economia nacional\u201d. Clique, no \u00e1udio abaixo, e ou\u00e7a esta e outras not\u00edcias na voz do jornalista Airton Kenha:<\/p>\n\t<div class=\"qtmplayer-playlist-large\">\n\t\t<ul class=\"qtmplayer-playlist\">\n\t\t\t\n\t\t\t\t\t<li class=\"qtmplayer-trackitem\">\n\t\t<img src=\"https:\/\/rna.ao\/rna.ao\/wp-content\/uploads\/2021\/07\/RADAR-ECONOMICO-MELHOR-100x100.jpg\" alt=\"cover\">\t\t<span \t\t\tdata-qtmplayer-cover=\"https:\/\/rna.ao\/rna.ao\/wp-content\/uploads\/2021\/07\/RADAR-ECONOMICO-MELHOR.jpg\"\n\t\t\t\t\t\tdata-qtmplayer-file=\"https:\/\/rna.ao\/rna.ao\/wp-content\/uploads\/2022\/06\/RADAR-ECONOMICO-EMISSAO-07-06-2022.mp3\"\n\t\t\t\t\t\tdata-qtmplayer-title=\"RADAR ECON\u00d3MICO: Recursos do Banco Mundial devem ser usados a uma boa velocidade, para n\u00e3o serem pagos sem tirar benef\u00edcio\"\n\t\t\t\t\t\tdata-qtmplayer-artist=\"RNA\"\n\t\t\t\t\t\tdata-qtmplayer-link=\"https:\/\/rna.ao\/rna.ao\/2022\/06\/07\/radar-economico-recursos-do-banco-mundial-devem-ser-usados-a-uma-boa-velocidade-para-nao-serem-pagos-sem-tirar-beneficio\/\"\n\t\t\t\t\t\tdata-qtmplayer-icon=\"file_download\"\n\t\t\t\t\t\tdata-qtmplayer-type=\"track\"\n\t\t\t class=\"qtmplayer-play qtmplayer-link-sec qtmplayer-play-btn\"><i class='material-icons'>play_arrow<\/i><\/span>\n\t\t<p>\n\t\t\t<span class=\"qtmplayer-tit\">RADAR ECON\u00d3MICO: Recursos do Banco Mundial devem ser usados a uma boa velocidade, para n\u00e3o serem pagos sem tirar benef\u00edcio<\/span>\n\t\t\t<span class=\"qtmplayer-art\">RNA<\/span>\n\t\t<\/p>\n\t<\/li>\n\t\t<\/ul>\n\t<\/div>\t\t\t\n\t\n<p>Fonte: RNA<\/p>\n","protected":false},"excerpt":{"rendered":"<p>O Jornal de Economia da R\u00e1dio Nacional de Angola desta ter\u00e7a-feira, 07 de Junho, destaca que \u201ca Ministra das Finan\u00e7as quer maior rentabiliza\u00e7\u00e3o rentabiliza\u00e7\u00e3o dos financiamentos, que o Governo angolano est\u00e1 a beneficiar do Banco Mundial. No entender de Vera Daves de Sousa, \u00e9 preciso que os financiamentos e projectos, ...<\/p>\n","protected":false},"author":8,"featured_media":30272,"comment_status":"closed","ping_status":"closed","sticky":false,"template":"","format":"standard","meta":[],"categories":[164],"tags":[],"_links":{"self":[{"href":"https:\/\/rna.ao\/rna.ao\/wp-json\/wp\/v2\/posts\/64955"}],"collection":[{"href":"https:\/\/rna.ao\/rna.ao\/wp-json\/wp\/v2\/posts"}],"about":[{"href":"https:\/\/rna.ao\/rna.ao\/wp-json\/wp\/v2\/types\/post"}],"author":[{"embeddable":true,"href":"https:\/\/rna.ao\/rna.ao\/wp-json\/wp\/v2\/users\/8"}],"replies":[{"embeddable":true,"href":"https:\/\/rna.ao\/rna.ao\/wp-json\/wp\/v2\/comments?post=64955"}],"version-history":[{"count":1,"href":"https:\/\/rna.ao\/rna.ao\/wp-json\/wp\/v2\/posts\/64955\/revisions"}],"predecessor-version":[{"id":64957,"href":"https:\/\/rna.ao\/rna.ao\/wp-json\/wp\/v2\/posts\/64955\/revisions\/64957"}],"wp:featuredmedia":[{"embeddable":true,"href":"https:\/\/rna.ao\/rna.ao\/wp-json\/wp\/v2\/media\/30272"}],"wp:attachment":[{"href":"https:\/\/rna.ao\/rna.ao\/wp-json\/wp\/v2\/media?parent=64955"}],"wp:term":[{"taxonomy":"category","embeddable":true,"href":"https:\/\/rna.ao\/rna.ao\/wp-json\/wp\/v2\/categories?post=64955"},{"taxonomy":"post_tag","embeddable":true,"href":"https:\/\/rna.ao\/rna.ao\/wp-json\/wp\/v2\/tags?post=64955"}],"curies":[{"name":"wp","href":"https:\/\/api.w.org\/{rel}","templated":true}]}}