{"id":64947,"date":"2022-06-07T05:24:15","date_gmt":"2022-06-07T04:24:15","guid":{"rendered":"https:\/\/rna.ao\/rna.ao\/?p=64947"},"modified":"2022-06-07T06:51:27","modified_gmt":"2022-06-07T05:51:27","slug":"hoquei-patins-seleccao-nacional-ja-conhece-adversario-do-africano","status":"publish","type":"post","link":"https:\/\/rna.ao\/rna.ao\/2022\/06\/07\/hoquei-patins-seleccao-nacional-ja-conhece-adversario-do-africano\/","title":{"rendered":"H\u00f3quei Patins: Selec\u00e7\u00e3o nacional j\u00e1 conhece advers\u00e1rios do africano"},"content":{"rendered":"<p><img loading=\"lazy\" class=\"size-full wp-image-11767 alignleft\" src=\"https:\/\/rna.ao\/rna.ao\/wp-content\/uploads\/2020\/11\/Hoquei-Patins.jpg\" alt=\"\" width=\"329\" height=\"202\" \/>A selec\u00e7\u00f5es nacional de H\u00f3quei em Patins j\u00e1 sabe quem vai defrontar no Africano, que vai acontecer entre 28 de Setembro e 2 de Outubro, no Cairo, Egipto. A World Skate j\u00e1 deu a conhecer quem ser\u00e3o esses advers\u00e1rios de Angola na competi\u00e7\u00e3o, designadamente o anfitri\u00e3o Egipto, Mo\u00e7ambique, Benim, Congo-Brazzaville, \u00c1frica do Sul e Angola. Anacleto Silva &#8220;Kirro&#8221;, o Secret\u00e1rio-Geral da Federa\u00e7\u00e3o, alerta para as dificuldades que nos ir\u00e1 impor Mo\u00e7ambique. Clique no \u00e1udio e ou\u00e7a:<\/p>\n\t<div class=\"qtmplayer-playlist-large\">\n\t\t<ul class=\"qtmplayer-playlist\">\n\t\t\t\n\t\t\t\t\t<li class=\"qtmplayer-trackitem\">\n\t\t<img src=\"https:\/\/rna.ao\/rna.ao\/wp-content\/uploads\/2020\/11\/Hoquei-Patins-100x100.jpg\" alt=\"cover\">\t\t<span \t\t\tdata-qtmplayer-cover=\"https:\/\/rna.ao\/rna.ao\/wp-content\/uploads\/2020\/11\/Hoquei-Patins.jpg\"\n\t\t\t\t\t\tdata-qtmplayer-file=\"https:\/\/rna.ao\/rna.ao\/wp-content\/uploads\/2022\/06\/P-A-5-ANACLETO-KIRRO-07-06-22.mp3\"\n\t\t\t\t\t\tdata-qtmplayer-title=\"H\u00f3quei Patins: Selec\u00e7\u00e3o nacional j\u00e1 conhece advers\u00e1rios do africano\"\n\t\t\t\t\t\tdata-qtmplayer-artist=\"RNA\"\n\t\t\t\t\t\tdata-qtmplayer-link=\"https:\/\/rna.ao\/rna.ao\/2022\/06\/07\/hoquei-patins-seleccao-nacional-ja-conhece-adversario-do-africano\/\"\n\t\t\t\t\t\tdata-qtmplayer-icon=\"file_download\"\n\t\t\t\t\t\tdata-qtmplayer-type=\"track\"\n\t\t\t class=\"qtmplayer-play qtmplayer-link-sec qtmplayer-play-btn\"><i class='material-icons'>play_arrow<\/i><\/span>\n\t\t<p>\n\t\t\t<span class=\"qtmplayer-tit\">H\u00f3quei Patins: Selec\u00e7\u00e3o nacional j\u00e1 conhece advers\u00e1rios do africano<\/span>\n\t\t\t<span class=\"qtmplayer-art\">RNA<\/span>\n\t\t<\/p>\n\t<\/li>\n\t\t<\/ul>\n\t<\/div>\t\t\t\n\t\n<p>Anacleto da Silva &#8220;Kirro&#8221; aplaude a presen\u00e7a das estreantes selec\u00e7\u00f5es do Benim e Congo-Brazzaville que, pela primeira vez, evoluir\u00e3o neste Festival Africano da Patinagem. Clique no \u00e1udio e ou\u00e7a:<\/p>\n\t<div class=\"qtmplayer-playlist-large\">\n\t\t<ul class=\"qtmplayer-playlist\">\n\t\t\t\n\t\t\t\t\t<li class=\"qtmplayer-trackitem\">\n\t\t<img src=\"https:\/\/rna.ao\/rna.ao\/wp-content\/uploads\/2020\/11\/Hoquei-Patins-100x100.jpg\" alt=\"cover\">\t\t<span \t\t\tdata-qtmplayer-cover=\"https:\/\/rna.ao\/rna.ao\/wp-content\/uploads\/2020\/11\/Hoquei-Patins.jpg\"\n\t\t\t\t\t\tdata-qtmplayer-file=\"https:\/\/rna.ao\/rna.ao\/wp-content\/uploads\/2022\/06\/P-A-6-ANACLETO-KIRRO-07-06-22.mp3\"\n\t\t\t\t\t\tdata-qtmplayer-title=\"H\u00f3quei Patins: Selec\u00e7\u00e3o nacional j\u00e1 conhece advers\u00e1rios do africano\"\n\t\t\t\t\t\tdata-qtmplayer-artist=\"RNA\"\n\t\t\t\t\t\tdata-qtmplayer-link=\"https:\/\/rna.ao\/rna.ao\/2022\/06\/07\/hoquei-patins-seleccao-nacional-ja-conhece-adversario-do-africano\/\"\n\t\t\t\t\t\tdata-qtmplayer-icon=\"file_download\"\n\t\t\t\t\t\tdata-qtmplayer-type=\"track\"\n\t\t\t class=\"qtmplayer-play qtmplayer-link-sec qtmplayer-play-btn\"><i class='material-icons'>play_arrow<\/i><\/span>\n\t\t<p>\n\t\t\t<span class=\"qtmplayer-tit\">H\u00f3quei Patins: Selec\u00e7\u00e3o nacional j\u00e1 conhece advers\u00e1rios do africano<\/span>\n\t\t\t<span class=\"qtmplayer-art\">RNA<\/span>\n\t\t<\/p>\n\t<\/li>\n\t\t<\/ul>\n\t<\/div>\t\t\t\n\t\n<p>Fonte: R\u00e1dio 5\/RNA<\/p>\n","protected":false},"excerpt":{"rendered":"<p>A selec\u00e7\u00f5es nacional de H\u00f3quei em Patins j\u00e1 sabe quem vai defrontar no Africano, que vai acontecer entre 28 de Setembro e 2 de Outubro, no Cairo, Egipto. A World Skate j\u00e1 deu a conhecer quem ser\u00e3o esses advers\u00e1rios de Angola na competi\u00e7\u00e3o, designadamente o anfitri\u00e3o Egipto, Mo\u00e7ambique, Benim, Congo-Brazzaville, ...<\/p>\n","protected":false},"author":8,"featured_media":11767,"comment_status":"closed","ping_status":"closed","sticky":false,"template":"","format":"standard","meta":[],"categories":[145,125,164],"tags":[],"_links":{"self":[{"href":"https:\/\/rna.ao\/rna.ao\/wp-json\/wp\/v2\/posts\/64947"}],"collection":[{"href":"https:\/\/rna.ao\/rna.ao\/wp-json\/wp\/v2\/posts"}],"about":[{"href":"https:\/\/rna.ao\/rna.ao\/wp-json\/wp\/v2\/types\/post"}],"author":[{"embeddable":true,"href":"https:\/\/rna.ao\/rna.ao\/wp-json\/wp\/v2\/users\/8"}],"replies":[{"embeddable":true,"href":"https:\/\/rna.ao\/rna.ao\/wp-json\/wp\/v2\/comments?post=64947"}],"version-history":[{"count":2,"href":"https:\/\/rna.ao\/rna.ao\/wp-json\/wp\/v2\/posts\/64947\/revisions"}],"predecessor-version":[{"id":64962,"href":"https:\/\/rna.ao\/rna.ao\/wp-json\/wp\/v2\/posts\/64947\/revisions\/64962"}],"wp:featuredmedia":[{"embeddable":true,"href":"https:\/\/rna.ao\/rna.ao\/wp-json\/wp\/v2\/media\/11767"}],"wp:attachment":[{"href":"https:\/\/rna.ao\/rna.ao\/wp-json\/wp\/v2\/media?parent=64947"}],"wp:term":[{"taxonomy":"category","embeddable":true,"href":"https:\/\/rna.ao\/rna.ao\/wp-json\/wp\/v2\/categories?post=64947"},{"taxonomy":"post_tag","embeddable":true,"href":"https:\/\/rna.ao\/rna.ao\/wp-json\/wp\/v2\/tags?post=64947"}],"curies":[{"name":"wp","href":"https:\/\/api.w.org\/{rel}","templated":true}]}}