{"id":64941,"date":"2022-06-07T05:25:17","date_gmt":"2022-06-07T04:25:17","guid":{"rendered":"https:\/\/rna.ao\/rna.ao\/?p=64941"},"modified":"2022-06-07T05:35:45","modified_gmt":"2022-06-07T04:35:45","slug":"hendeca-campeoes-africanos-cumprem-em-malanje-primeiro-dia-da-preparacao-na-janela-da-costa-do-marfim","status":"publish","type":"post","link":"https:\/\/rna.ao\/rna.ao\/2022\/06\/07\/hendeca-campeoes-africanos-cumprem-em-malanje-primeiro-dia-da-preparacao-na-janela-da-costa-do-marfim\/","title":{"rendered":"Hendeca-campe\u00f5es africanos cumprem, em Malanje, primeiro dia da prepara\u00e7\u00e3o na janela da Costa do Marfim"},"content":{"rendered":"<p><img loading=\"lazy\" class=\"size-full wp-image-35074 alignleft\" src=\"https:\/\/rna.ao\/rna.ao\/wp-content\/uploads\/2021\/08\/basquetebol-selecao-angolana.jpg\" alt=\"\" width=\"297\" height=\"170\" \/>Os hendeca-campe\u00f5es africanos come\u00e7am hoje, 07 de Junho, a trabalhar na cidade de Malanje, terras da Palanca Negra, no cumprimento da segunda etapa de prepara\u00e7\u00e3o, visando a janela da Costa do Marfim, selectiva ao Mundial da grande \u00c1sia. O seleccionador nacional, Pepe Clar\u00f3s, j\u00e1 tem delineado o programa de prepara\u00e7\u00e3o, naquela prov\u00edncia. Clique no \u00e1udio e ou\u00e7a:<\/p>\n\t<div class=\"qtmplayer-playlist-large\">\n\t\t<ul class=\"qtmplayer-playlist\">\n\t\t\t\n\t\t\t\t\t<li class=\"qtmplayer-trackitem\">\n\t\t<img src=\"https:\/\/rna.ao\/rna.ao\/wp-content\/uploads\/2021\/08\/basquetebol-selecao-angolana-100x100.jpg\" alt=\"cover\">\t\t<span \t\t\tdata-qtmplayer-cover=\"https:\/\/rna.ao\/rna.ao\/wp-content\/uploads\/2021\/08\/basquetebol-selecao-angolana.jpg\"\n\t\t\t\t\t\tdata-qtmplayer-file=\"https:\/\/rna.ao\/rna.ao\/wp-content\/uploads\/2022\/06\/P-A-1-PEPE-CLAROS-07-06-22.mp3\"\n\t\t\t\t\t\tdata-qtmplayer-title=\"Hendeca-campe\u00f5es africanos cumprem, em Malanje, primeiro dia da prepara\u00e7\u00e3o na janela da Costa do Marfim\"\n\t\t\t\t\t\tdata-qtmplayer-artist=\"RNA\"\n\t\t\t\t\t\tdata-qtmplayer-link=\"https:\/\/rna.ao\/rna.ao\/2022\/06\/07\/hendeca-campeoes-africanos-cumprem-em-malanje-primeiro-dia-da-preparacao-na-janela-da-costa-do-marfim\/\"\n\t\t\t\t\t\tdata-qtmplayer-icon=\"file_download\"\n\t\t\t\t\t\tdata-qtmplayer-type=\"track\"\n\t\t\t class=\"qtmplayer-play qtmplayer-link-sec qtmplayer-play-btn\"><i class='material-icons'>play_arrow<\/i><\/span>\n\t\t<p>\n\t\t\t<span class=\"qtmplayer-tit\">Hendeca-campe\u00f5es africanos cumprem, em Malanje, primeiro dia da prepara\u00e7\u00e3o na janela da Costa do Marfim<\/span>\n\t\t\t<span class=\"qtmplayer-art\">RNA<\/span>\n\t\t<\/p>\n\t<\/li>\n\t\t<\/ul>\n\t<\/div>\t\t\t\n\t\n<p>O treinador espanhol que j\u00e1 perspectiva o que ser\u00e3o os jogos dessa segunda janela de Abidjan, vai j\u00e1 fazendo contas, onde s\u00f3 ser\u00e1 necess\u00e1rio vencer um jogo para garantir a qualifica\u00e7\u00e3o para o Mundial. Clique no \u00e1udio e ou\u00e7a:<\/p>\n\t<div class=\"qtmplayer-playlist-large\">\n\t\t<ul class=\"qtmplayer-playlist\">\n\t\t\t\n\t\t\t\t\t<li class=\"qtmplayer-trackitem\">\n\t\t<img src=\"https:\/\/rna.ao\/rna.ao\/wp-content\/uploads\/2021\/08\/basquetebol-selecao-angolana-100x100.jpg\" alt=\"cover\">\t\t<span \t\t\tdata-qtmplayer-cover=\"https:\/\/rna.ao\/rna.ao\/wp-content\/uploads\/2021\/08\/basquetebol-selecao-angolana.jpg\"\n\t\t\t\t\t\tdata-qtmplayer-file=\"https:\/\/rna.ao\/rna.ao\/wp-content\/uploads\/2022\/06\/P-A-2-PEPE-CLAROS-07-06-22.mp3\"\n\t\t\t\t\t\tdata-qtmplayer-title=\"Hendeca-campe\u00f5es africanos cumprem, em Malanje, primeiro dia da prepara\u00e7\u00e3o na janela da Costa do Marfim\"\n\t\t\t\t\t\tdata-qtmplayer-artist=\"RNA\"\n\t\t\t\t\t\tdata-qtmplayer-link=\"https:\/\/rna.ao\/rna.ao\/2022\/06\/07\/hendeca-campeoes-africanos-cumprem-em-malanje-primeiro-dia-da-preparacao-na-janela-da-costa-do-marfim\/\"\n\t\t\t\t\t\tdata-qtmplayer-icon=\"file_download\"\n\t\t\t\t\t\tdata-qtmplayer-type=\"track\"\n\t\t\t class=\"qtmplayer-play qtmplayer-link-sec qtmplayer-play-btn\"><i class='material-icons'>play_arrow<\/i><\/span>\n\t\t<p>\n\t\t\t<span class=\"qtmplayer-tit\">Hendeca-campe\u00f5es africanos cumprem, em Malanje, primeiro dia da prepara\u00e7\u00e3o na janela da Costa do Marfim<\/span>\n\t\t\t<span class=\"qtmplayer-art\">RNA<\/span>\n\t\t<\/p>\n\t<\/li>\n\t\t<\/ul>\n\t<\/div>\t\t\t\n\t\n<p>Entre os atletas que embarcaram est\u00e1 o base-extremo Gerson Gon\u00e7alves Lukeny, que diz que est\u00e1 preparado e pronto para dar tudo. Clique no \u00e1udio e ou\u00e7a:<\/p>\n\t<div class=\"qtmplayer-playlist-large\">\n\t\t<ul class=\"qtmplayer-playlist\">\n\t\t\t\n\t\t\t\t\t<li class=\"qtmplayer-trackitem\">\n\t\t<img src=\"https:\/\/rna.ao\/rna.ao\/wp-content\/uploads\/2021\/08\/basquetebol-selecao-angolana-100x100.jpg\" alt=\"cover\">\t\t<span \t\t\tdata-qtmplayer-cover=\"https:\/\/rna.ao\/rna.ao\/wp-content\/uploads\/2021\/08\/basquetebol-selecao-angolana.jpg\"\n\t\t\t\t\t\tdata-qtmplayer-file=\"https:\/\/rna.ao\/rna.ao\/wp-content\/uploads\/2022\/06\/P-A-3-GERSON-G-LUKENY-07-06-22.mp3\"\n\t\t\t\t\t\tdata-qtmplayer-title=\"Hendeca-campe\u00f5es africanos cumprem, em Malanje, primeiro dia da prepara\u00e7\u00e3o na janela da Costa do Marfim\"\n\t\t\t\t\t\tdata-qtmplayer-artist=\"RNA\"\n\t\t\t\t\t\tdata-qtmplayer-link=\"https:\/\/rna.ao\/rna.ao\/2022\/06\/07\/hendeca-campeoes-africanos-cumprem-em-malanje-primeiro-dia-da-preparacao-na-janela-da-costa-do-marfim\/\"\n\t\t\t\t\t\tdata-qtmplayer-icon=\"file_download\"\n\t\t\t\t\t\tdata-qtmplayer-type=\"track\"\n\t\t\t class=\"qtmplayer-play qtmplayer-link-sec qtmplayer-play-btn\"><i class='material-icons'>play_arrow<\/i><\/span>\n\t\t<p>\n\t\t\t<span class=\"qtmplayer-tit\">Hendeca-campe\u00f5es africanos cumprem, em Malanje, primeiro dia da prepara\u00e7\u00e3o na janela da Costa do Marfim<\/span>\n\t\t\t<span class=\"qtmplayer-art\">RNA<\/span>\n\t\t<\/p>\n\t<\/li>\n\t\t<\/ul>\n\t<\/div>\t\t\t\n\t\n<p>Em Malange, Fernandes Crist\u00f3v\u00e3o, o Director Provincial da Juventude e Desportos, garante que a m\u00e1quina est\u00e1 afinada e existem todas as condi\u00e7\u00f5es para a prepara\u00e7\u00e3o da selec\u00e7\u00e3o. Clique no \u00e1udio e ou\u00e7a:<\/p>\n\t<div class=\"qtmplayer-playlist-large\">\n\t\t<ul class=\"qtmplayer-playlist\">\n\t\t\t\n\t\t\t\t\t<li class=\"qtmplayer-trackitem\">\n\t\t<img src=\"https:\/\/rna.ao\/rna.ao\/wp-content\/uploads\/2021\/08\/basquetebol-selecao-angolana-100x100.jpg\" alt=\"cover\">\t\t<span \t\t\tdata-qtmplayer-cover=\"https:\/\/rna.ao\/rna.ao\/wp-content\/uploads\/2021\/08\/basquetebol-selecao-angolana.jpg\"\n\t\t\t\t\t\tdata-qtmplayer-file=\"https:\/\/rna.ao\/rna.ao\/wp-content\/uploads\/2022\/06\/P-A-4-FERNANDES-CRISTOVAO-07-06-22.mp3\"\n\t\t\t\t\t\tdata-qtmplayer-title=\"Hendeca-campe\u00f5es africanos cumprem, em Malanje, primeiro dia da prepara\u00e7\u00e3o na janela da Costa do Marfim\"\n\t\t\t\t\t\tdata-qtmplayer-artist=\"RNA\"\n\t\t\t\t\t\tdata-qtmplayer-link=\"https:\/\/rna.ao\/rna.ao\/2022\/06\/07\/hendeca-campeoes-africanos-cumprem-em-malanje-primeiro-dia-da-preparacao-na-janela-da-costa-do-marfim\/\"\n\t\t\t\t\t\tdata-qtmplayer-icon=\"file_download\"\n\t\t\t\t\t\tdata-qtmplayer-type=\"track\"\n\t\t\t class=\"qtmplayer-play qtmplayer-link-sec qtmplayer-play-btn\"><i class='material-icons'>play_arrow<\/i><\/span>\n\t\t<p>\n\t\t\t<span class=\"qtmplayer-tit\">Hendeca-campe\u00f5es africanos cumprem, em Malanje, primeiro dia da prepara\u00e7\u00e3o na janela da Costa do Marfim<\/span>\n\t\t\t<span class=\"qtmplayer-art\">RNA<\/span>\n\t\t<\/p>\n\t<\/li>\n\t\t<\/ul>\n\t<\/div>\t\t\t\n\t\n<p>De referir que, nessa janela, Angola vai mais uma vez defrontar as cong\u00e9neres da Costa do Marfim, da Rep\u00fablica da Guin\u00e9 e da Rep\u00fablica Centro Africana.<\/p>\n<p>Fonte: R\u00e1dio 5\/RNA<\/p>\n","protected":false},"excerpt":{"rendered":"<p>Os hendeca-campe\u00f5es africanos come\u00e7am hoje, 07 de Junho, a trabalhar na cidade de Malanje, terras da Palanca Negra, no cumprimento da segunda etapa de prepara\u00e7\u00e3o, visando a janela da Costa do Marfim, selectiva ao Mundial da grande \u00c1sia. O seleccionador nacional, Pepe Clar\u00f3s, j\u00e1 tem delineado o programa de prepara\u00e7\u00e3o, ...<\/p>\n","protected":false},"author":8,"featured_media":35074,"comment_status":"closed","ping_status":"closed","sticky":false,"template":"","format":"standard","meta":[],"categories":[145,125,164],"tags":[],"_links":{"self":[{"href":"https:\/\/rna.ao\/rna.ao\/wp-json\/wp\/v2\/posts\/64941"}],"collection":[{"href":"https:\/\/rna.ao\/rna.ao\/wp-json\/wp\/v2\/posts"}],"about":[{"href":"https:\/\/rna.ao\/rna.ao\/wp-json\/wp\/v2\/types\/post"}],"author":[{"embeddable":true,"href":"https:\/\/rna.ao\/rna.ao\/wp-json\/wp\/v2\/users\/8"}],"replies":[{"embeddable":true,"href":"https:\/\/rna.ao\/rna.ao\/wp-json\/wp\/v2\/comments?post=64941"}],"version-history":[{"count":1,"href":"https:\/\/rna.ao\/rna.ao\/wp-json\/wp\/v2\/posts\/64941\/revisions"}],"predecessor-version":[{"id":64946,"href":"https:\/\/rna.ao\/rna.ao\/wp-json\/wp\/v2\/posts\/64941\/revisions\/64946"}],"wp:featuredmedia":[{"embeddable":true,"href":"https:\/\/rna.ao\/rna.ao\/wp-json\/wp\/v2\/media\/35074"}],"wp:attachment":[{"href":"https:\/\/rna.ao\/rna.ao\/wp-json\/wp\/v2\/media?parent=64941"}],"wp:term":[{"taxonomy":"category","embeddable":true,"href":"https:\/\/rna.ao\/rna.ao\/wp-json\/wp\/v2\/categories?post=64941"},{"taxonomy":"post_tag","embeddable":true,"href":"https:\/\/rna.ao\/rna.ao\/wp-json\/wp\/v2\/tags?post=64941"}],"curies":[{"name":"wp","href":"https:\/\/api.w.org\/{rel}","templated":true}]}}