{"id":64936,"date":"2022-06-07T05:26:52","date_gmt":"2022-06-07T04:26:52","guid":{"rendered":"https:\/\/rna.ao\/rna.ao\/?p=64936"},"modified":"2022-06-07T05:26:52","modified_gmt":"2022-06-07T04:26:52","slug":"governo-da-provincia-da-huila-cria-comissao-que-prepara-final-da-festa-da-taca-de-angola-onde-ja-esta-o-desportivo-local","status":"publish","type":"post","link":"https:\/\/rna.ao\/rna.ao\/2022\/06\/07\/governo-da-provincia-da-huila-cria-comissao-que-prepara-final-da-festa-da-taca-de-angola-onde-ja-esta-o-desportivo-local\/","title":{"rendered":"Governo da Prov\u00edncia da Hu\u00edla cria Comiss\u00e3o que prepara final da festa da Ta\u00e7a de Angola, onde j\u00e1 est\u00e1 o Desportivo local"},"content":{"rendered":"<p><img loading=\"lazy\" class=\"size-full wp-image-64939 alignleft\" src=\"https:\/\/rna.ao\/rna.ao\/wp-content\/uploads\/2022\/06\/Estadio-Nacional-da-Tundavala-Huila.jpg\" alt=\"\" width=\"261\" height=\"193\" \/>O Governo da Prov\u00edncia da Hu\u00edla capricha na prepara\u00e7\u00e3o das condi\u00e7\u00f5es, que v\u00e3o garantir um Est\u00e1dio Nacional da Tundavala pronto, para a final da Ta\u00e7a de Angola, dia 12 de Junho, no domingo. Osvaldo Lunda, o respons\u00e1vel da Prov\u00edncia para a Juventude e Desportos, que lidera a comiss\u00e3o criada para o efeito, garante que, at\u00e9 agora, a m\u00e1quina est\u00e1 devidamente afinada e inclusive j\u00e1 h\u00e1 sa\u00edda para o castanho da relva nesta \u00e9poca do cacimbo. Clique no \u00e1udio e ou\u00e7a:<\/p>\n\t<div class=\"qtmplayer-playlist-large\">\n\t\t<ul class=\"qtmplayer-playlist\">\n\t\t\t\n\t\t\t\t\t<li class=\"qtmplayer-trackitem\">\n\t\t<img src=\"https:\/\/rna.ao\/rna.ao\/wp-content\/uploads\/2022\/06\/Estadio-Nacional-da-Tundavala-Huila-100x100.jpg\" alt=\"cover\">\t\t<span \t\t\tdata-qtmplayer-cover=\"https:\/\/rna.ao\/rna.ao\/wp-content\/uploads\/2022\/06\/Estadio-Nacional-da-Tundavala-Huila.jpg\"\n\t\t\t\t\t\tdata-qtmplayer-file=\"https:\/\/rna.ao\/rna.ao\/wp-content\/uploads\/2022\/06\/P-A-7-OSVALDO-LUNDA-07-06-22.mp3\"\n\t\t\t\t\t\tdata-qtmplayer-title=\"Governo da Prov\u00edncia da Hu\u00edla cria Comiss\u00e3o que prepara final da festa da Ta\u00e7a de Angola, onde j\u00e1 est\u00e1 o Desportivo local\"\n\t\t\t\t\t\tdata-qtmplayer-artist=\"RNA\"\n\t\t\t\t\t\tdata-qtmplayer-link=\"https:\/\/rna.ao\/rna.ao\/2022\/06\/07\/governo-da-provincia-da-huila-cria-comissao-que-prepara-final-da-festa-da-taca-de-angola-onde-ja-esta-o-desportivo-local\/\"\n\t\t\t\t\t\tdata-qtmplayer-icon=\"file_download\"\n\t\t\t\t\t\tdata-qtmplayer-type=\"track\"\n\t\t\t class=\"qtmplayer-play qtmplayer-link-sec qtmplayer-play-btn\"><i class='material-icons'>play_arrow<\/i><\/span>\n\t\t<p>\n\t\t\t<span class=\"qtmplayer-tit\">Governo da Prov\u00edncia da Hu\u00edla cria Comiss\u00e3o que prepara final da festa da Ta\u00e7a de Angola, onde j\u00e1 est\u00e1 o Desportivo local<\/span>\n\t\t\t<span class=\"qtmplayer-art\">RNA<\/span>\n\t\t<\/p>\n\t<\/li>\n\t\t<\/ul>\n\t<\/div>\t\t\t\n\t\n<p>O outro finalista da Ta\u00e7a de Angola sair\u00e1 do confronto desta quinta-feira, 09\/06, na cidade do Dundo, mais uma vez entre o Sagrada Esperan\u00e7a da Lunda-Norte e o Petro de Luanda. O Petro de Luanda, que ontem, 06\/06, venceu na Ca\u00e1la, o Recreativo local, por 2\/1, no \u00faltimo jogo dos quartos de final. Valeram os golos de Tiago Azul\u00e3o e Pedro Pinto, com Deco a descontar para os donos da casa. Alexandre Santos, que enalteceu o esfor\u00e7o despendido pelos atletas e a vit\u00f3ria, considerou a m\u00e1 qualidade do relvado do Est\u00e1dio da Ca\u00e1la, mais um advers\u00e1rio. Clique no \u00e1udio e ou\u00e7a:<\/p>\n\t<div class=\"qtmplayer-playlist-large\">\n\t\t<ul class=\"qtmplayer-playlist\">\n\t\t\t\n\t\t\t\t\t<li class=\"qtmplayer-trackitem\">\n\t\t<img src=\"https:\/\/rna.ao\/rna.ao\/wp-content\/uploads\/2022\/06\/Estadio-Nacional-da-Tundavala-Huila-100x100.jpg\" alt=\"cover\">\t\t<span \t\t\tdata-qtmplayer-cover=\"https:\/\/rna.ao\/rna.ao\/wp-content\/uploads\/2022\/06\/Estadio-Nacional-da-Tundavala-Huila.jpg\"\n\t\t\t\t\t\tdata-qtmplayer-file=\"https:\/\/rna.ao\/rna.ao\/wp-content\/uploads\/2022\/06\/P-A-8-ALEXANDRE-SANTOS-07-06-22.mp3\"\n\t\t\t\t\t\tdata-qtmplayer-title=\"Governo da Prov\u00edncia da Hu\u00edla cria Comiss\u00e3o que prepara final da festa da Ta\u00e7a de Angola, onde j\u00e1 est\u00e1 o Desportivo local\"\n\t\t\t\t\t\tdata-qtmplayer-artist=\"RNA\"\n\t\t\t\t\t\tdata-qtmplayer-link=\"https:\/\/rna.ao\/rna.ao\/2022\/06\/07\/governo-da-provincia-da-huila-cria-comissao-que-prepara-final-da-festa-da-taca-de-angola-onde-ja-esta-o-desportivo-local\/\"\n\t\t\t\t\t\tdata-qtmplayer-icon=\"file_download\"\n\t\t\t\t\t\tdata-qtmplayer-type=\"track\"\n\t\t\t class=\"qtmplayer-play qtmplayer-link-sec qtmplayer-play-btn\"><i class='material-icons'>play_arrow<\/i><\/span>\n\t\t<p>\n\t\t\t<span class=\"qtmplayer-tit\">Governo da Prov\u00edncia da Hu\u00edla cria Comiss\u00e3o que prepara final da festa da Ta\u00e7a de Angola, onde j\u00e1 est\u00e1 o Desportivo local<\/span>\n\t\t\t<span class=\"qtmplayer-art\">RNA<\/span>\n\t\t<\/p>\n\t<\/li>\n\t\t<\/ul>\n\t<\/div>\t\t\t\n\t\n<p>Fonte: R\u00e1dio 5\/RNA<\/p>\n","protected":false},"excerpt":{"rendered":"<p>O Governo da Prov\u00edncia da Hu\u00edla capricha na prepara\u00e7\u00e3o das condi\u00e7\u00f5es, que v\u00e3o garantir um Est\u00e1dio Nacional da Tundavala pronto, para a final da Ta\u00e7a de Angola, dia 12 de Junho, no domingo. Osvaldo Lunda, o respons\u00e1vel da Prov\u00edncia para a Juventude e Desportos, que lidera a comiss\u00e3o criada para ...<\/p>\n","protected":false},"author":8,"featured_media":64939,"comment_status":"closed","ping_status":"closed","sticky":false,"template":"","format":"standard","meta":[],"categories":[145,125,164],"tags":[],"_links":{"self":[{"href":"https:\/\/rna.ao\/rna.ao\/wp-json\/wp\/v2\/posts\/64936"}],"collection":[{"href":"https:\/\/rna.ao\/rna.ao\/wp-json\/wp\/v2\/posts"}],"about":[{"href":"https:\/\/rna.ao\/rna.ao\/wp-json\/wp\/v2\/types\/post"}],"author":[{"embeddable":true,"href":"https:\/\/rna.ao\/rna.ao\/wp-json\/wp\/v2\/users\/8"}],"replies":[{"embeddable":true,"href":"https:\/\/rna.ao\/rna.ao\/wp-json\/wp\/v2\/comments?post=64936"}],"version-history":[{"count":1,"href":"https:\/\/rna.ao\/rna.ao\/wp-json\/wp\/v2\/posts\/64936\/revisions"}],"predecessor-version":[{"id":64940,"href":"https:\/\/rna.ao\/rna.ao\/wp-json\/wp\/v2\/posts\/64936\/revisions\/64940"}],"wp:featuredmedia":[{"embeddable":true,"href":"https:\/\/rna.ao\/rna.ao\/wp-json\/wp\/v2\/media\/64939"}],"wp:attachment":[{"href":"https:\/\/rna.ao\/rna.ao\/wp-json\/wp\/v2\/media?parent=64936"}],"wp:term":[{"taxonomy":"category","embeddable":true,"href":"https:\/\/rna.ao\/rna.ao\/wp-json\/wp\/v2\/categories?post=64936"},{"taxonomy":"post_tag","embeddable":true,"href":"https:\/\/rna.ao\/rna.ao\/wp-json\/wp\/v2\/tags?post=64936"}],"curies":[{"name":"wp","href":"https:\/\/api.w.org\/{rel}","templated":true}]}}