{"id":64872,"date":"2022-06-06T13:17:08","date_gmt":"2022-06-06T12:17:08","guid":{"rendered":"https:\/\/rna.ao\/rna.ao\/?p=64872"},"modified":"2022-06-06T13:18:17","modified_gmt":"2022-06-06T12:18:17","slug":"deputados-aprovam-a-alteracao-do-imposto-industrial-de-15-para-6-5","status":"publish","type":"post","link":"https:\/\/rna.ao\/rna.ao\/2022\/06\/06\/deputados-aprovam-a-alteracao-do-imposto-industrial-de-15-para-6-5\/","title":{"rendered":"Deputados aprovam a altera\u00e7\u00e3o do imposto industrial de 15% para 6.5%"},"content":{"rendered":"<p><img loading=\"lazy\" class=\"size-full wp-image-56455 aligncenter\" src=\"https:\/\/rna.ao\/rna.ao\/wp-content\/uploads\/2022\/03\/Assembleia-Nacional-1.jpg\" alt=\"\" width=\"640\" height=\"345\" \/>As altera\u00e7\u00f5es ao C\u00f3digo do Imposto Industrial foram aprovadas hoje, 06 de Junho, pelos deputados \u00e0 Assembleia Nacional. O diploma leal, que segue para a vota\u00e7\u00e3o global, visa estimular o Produto Interno Bruto e incrementar a competitividade no plano da fiscalidade internacional. Clique, no \u00e1udio abaixo, e ou\u00e7a mais dados na reportagem do Ant\u00f3nio Chocolate:<\/p>\n\t<div class=\"qtmplayer-playlist-large\">\n\t\t<ul class=\"qtmplayer-playlist\">\n\t\t\t\n\t\t\t\t\t<li class=\"qtmplayer-trackitem\">\n\t\t<img src=\"https:\/\/rna.ao\/rna.ao\/wp-content\/uploads\/2021\/06\/Votacao-Parlamento-100x100.jpg\" alt=\"cover\">\t\t<span \t\t\tdata-qtmplayer-cover=\"https:\/\/rna.ao\/rna.ao\/wp-content\/uploads\/2021\/06\/Votacao-Parlamento.jpg\"\n\t\t\t\t\t\tdata-qtmplayer-file=\"https:\/\/rna.ao\/rna.ao\/wp-content\/uploads\/2022\/06\/ANTONIO-CHOCOLATE-13HRS-1.mp3\"\n\t\t\t\t\t\tdata-qtmplayer-title=\"Deputados aprovam a altera\u00e7\u00e3o do imposto industrial de 15% para 6.5%\"\n\t\t\t\t\t\tdata-qtmplayer-artist=\"RNA\"\n\t\t\t\t\t\tdata-qtmplayer-link=\"https:\/\/rna.ao\/rna.ao\/2022\/06\/06\/deputados-aprovam-a-alteracao-do-imposto-industrial-de-15-para-6-5\/\"\n\t\t\t\t\t\tdata-qtmplayer-icon=\"file_download\"\n\t\t\t\t\t\tdata-qtmplayer-type=\"track\"\n\t\t\t class=\"qtmplayer-play qtmplayer-link-sec qtmplayer-play-btn\"><i class='material-icons'>play_arrow<\/i><\/span>\n\t\t<p>\n\t\t\t<span class=\"qtmplayer-tit\">Deputados aprovam a altera\u00e7\u00e3o do imposto industrial de 15% para 6.5%<\/span>\n\t\t\t<span class=\"qtmplayer-art\">RNA<\/span>\n\t\t<\/p>\n\t<\/li>\n\t\t<\/ul>\n\t<\/div>\t\t\t\n\t\n","protected":false},"excerpt":{"rendered":"<p>As altera\u00e7\u00f5es ao C\u00f3digo do Imposto Industrial foram aprovadas hoje, 06 de Junho, pelos deputados \u00e0 Assembleia Nacional. O diploma leal, que segue para a vota\u00e7\u00e3o global, visa estimular o Produto Interno Bruto e incrementar a competitividade no plano da fiscalidade internacional. Clique, no \u00e1udio abaixo, e ou\u00e7a mais dados ...<\/p>\n","protected":false},"author":8,"featured_media":26954,"comment_status":"closed","ping_status":"closed","sticky":false,"template":"","format":"standard","meta":[],"categories":[142,121,163],"tags":[],"_links":{"self":[{"href":"https:\/\/rna.ao\/rna.ao\/wp-json\/wp\/v2\/posts\/64872"}],"collection":[{"href":"https:\/\/rna.ao\/rna.ao\/wp-json\/wp\/v2\/posts"}],"about":[{"href":"https:\/\/rna.ao\/rna.ao\/wp-json\/wp\/v2\/types\/post"}],"author":[{"embeddable":true,"href":"https:\/\/rna.ao\/rna.ao\/wp-json\/wp\/v2\/users\/8"}],"replies":[{"embeddable":true,"href":"https:\/\/rna.ao\/rna.ao\/wp-json\/wp\/v2\/comments?post=64872"}],"version-history":[{"count":2,"href":"https:\/\/rna.ao\/rna.ao\/wp-json\/wp\/v2\/posts\/64872\/revisions"}],"predecessor-version":[{"id":64884,"href":"https:\/\/rna.ao\/rna.ao\/wp-json\/wp\/v2\/posts\/64872\/revisions\/64884"}],"wp:featuredmedia":[{"embeddable":true,"href":"https:\/\/rna.ao\/rna.ao\/wp-json\/wp\/v2\/media\/26954"}],"wp:attachment":[{"href":"https:\/\/rna.ao\/rna.ao\/wp-json\/wp\/v2\/media?parent=64872"}],"wp:term":[{"taxonomy":"category","embeddable":true,"href":"https:\/\/rna.ao\/rna.ao\/wp-json\/wp\/v2\/categories?post=64872"},{"taxonomy":"post_tag","embeddable":true,"href":"https:\/\/rna.ao\/rna.ao\/wp-json\/wp\/v2\/tags?post=64872"}],"curies":[{"name":"wp","href":"https:\/\/api.w.org\/{rel}","templated":true}]}}