{"id":64646,"date":"2022-06-05T14:05:04","date_gmt":"2022-06-05T13:05:04","guid":{"rendered":"https:\/\/rna.ao\/rna.ao\/?p=64646"},"modified":"2022-06-05T14:05:04","modified_gmt":"2022-06-05T13:05:04","slug":"banco-mundial-financia-combate-a-seca-nos-gambos","status":"publish","type":"post","link":"https:\/\/rna.ao\/rna.ao\/2022\/06\/05\/banco-mundial-financia-combate-a-seca-nos-gambos\/","title":{"rendered":"Banco Mundial financia combate \u00e0 seca nos Gambos"},"content":{"rendered":"<p><img loading=\"lazy\" class=\"size-full wp-image-51314 alignleft\" src=\"https:\/\/rna.ao\/rna.ao\/wp-content\/uploads\/2022\/02\/Banco-Mundial.jpg\" alt=\"\" width=\"287\" height=\"176\" \/>Mais equipamentos sociais ligados ao combate \u00e0 seca, na Prov\u00edncia da Hu\u00edla, foram postos \u00e0 disposi\u00e7\u00e3o na comunidade dos Gambos, num financiamento do Banco Mundial. Clique, no \u00e1udio abaixo, e saiba mais na reportagem do Valdo Esteves:<\/p>\n\t<div class=\"qtmplayer-playlist-large\">\n\t\t<ul class=\"qtmplayer-playlist\">\n\t\t\t\n\t\t\t\t\t<li class=\"qtmplayer-trackitem\">\n\t\t<img src=\"https:\/\/rna.ao\/rna.ao\/wp-content\/uploads\/2022\/02\/Banco-Mundial-100x100.jpg\" alt=\"cover\">\t\t<span \t\t\tdata-qtmplayer-cover=\"https:\/\/rna.ao\/rna.ao\/wp-content\/uploads\/2022\/02\/Banco-Mundial.jpg\"\n\t\t\t\t\t\tdata-qtmplayer-file=\"https:\/\/rna.ao\/rna.ao\/wp-content\/uploads\/2022\/06\/VALDO-ESTEVES.mp3\"\n\t\t\t\t\t\tdata-qtmplayer-title=\"Banco Mundial financia combate \u00e0 seca nos Gambos\"\n\t\t\t\t\t\tdata-qtmplayer-artist=\"RNA\"\n\t\t\t\t\t\tdata-qtmplayer-link=\"https:\/\/rna.ao\/rna.ao\/2022\/06\/05\/banco-mundial-financia-combate-a-seca-nos-gambos\/\"\n\t\t\t\t\t\tdata-qtmplayer-icon=\"file_download\"\n\t\t\t\t\t\tdata-qtmplayer-type=\"track\"\n\t\t\t class=\"qtmplayer-play qtmplayer-link-sec qtmplayer-play-btn\"><i class='material-icons'>play_arrow<\/i><\/span>\n\t\t<p>\n\t\t\t<span class=\"qtmplayer-tit\">Banco Mundial financia combate \u00e0 seca nos Gambos<\/span>\n\t\t\t<span class=\"qtmplayer-art\">RNA<\/span>\n\t\t<\/p>\n\t<\/li>\n\t\t<\/ul>\n\t<\/div>\t\t\t\n\t\n<p>Fonte: RNA<\/p>\n","protected":false},"excerpt":{"rendered":"<p>Mais equipamentos sociais ligados ao combate \u00e0 seca, na Prov\u00edncia da Hu\u00edla, foram postos \u00e0 disposi\u00e7\u00e3o na comunidade dos Gambos, num financiamento do Banco Mundial. Clique, no \u00e1udio abaixo, e saiba mais na reportagem do Valdo Esteves: Fonte: RNA<\/p>\n","protected":false},"author":8,"featured_media":51314,"comment_status":"closed","ping_status":"closed","sticky":false,"template":"","format":"standard","meta":[],"categories":[121,163],"tags":[],"_links":{"self":[{"href":"https:\/\/rna.ao\/rna.ao\/wp-json\/wp\/v2\/posts\/64646"}],"collection":[{"href":"https:\/\/rna.ao\/rna.ao\/wp-json\/wp\/v2\/posts"}],"about":[{"href":"https:\/\/rna.ao\/rna.ao\/wp-json\/wp\/v2\/types\/post"}],"author":[{"embeddable":true,"href":"https:\/\/rna.ao\/rna.ao\/wp-json\/wp\/v2\/users\/8"}],"replies":[{"embeddable":true,"href":"https:\/\/rna.ao\/rna.ao\/wp-json\/wp\/v2\/comments?post=64646"}],"version-history":[{"count":1,"href":"https:\/\/rna.ao\/rna.ao\/wp-json\/wp\/v2\/posts\/64646\/revisions"}],"predecessor-version":[{"id":64648,"href":"https:\/\/rna.ao\/rna.ao\/wp-json\/wp\/v2\/posts\/64646\/revisions\/64648"}],"wp:featuredmedia":[{"embeddable":true,"href":"https:\/\/rna.ao\/rna.ao\/wp-json\/wp\/v2\/media\/51314"}],"wp:attachment":[{"href":"https:\/\/rna.ao\/rna.ao\/wp-json\/wp\/v2\/media?parent=64646"}],"wp:term":[{"taxonomy":"category","embeddable":true,"href":"https:\/\/rna.ao\/rna.ao\/wp-json\/wp\/v2\/categories?post=64646"},{"taxonomy":"post_tag","embeddable":true,"href":"https:\/\/rna.ao\/rna.ao\/wp-json\/wp\/v2\/tags?post=64646"}],"curies":[{"name":"wp","href":"https:\/\/api.w.org\/{rel}","templated":true}]}}