{"id":64633,"date":"2022-06-05T08:23:41","date_gmt":"2022-06-05T07:23:41","guid":{"rendered":"https:\/\/rna.ao\/rna.ao\/?p=64633"},"modified":"2022-06-05T08:40:08","modified_gmt":"2022-06-05T07:40:08","slug":"dia-internacional-do-ambiente-governo-reafirma-implementacao-de-accoes-que-reduzem-efeitos-nocivos","status":"publish","type":"post","link":"https:\/\/rna.ao\/rna.ao\/2022\/06\/05\/dia-internacional-do-ambiente-governo-reafirma-implementacao-de-accoes-que-reduzem-efeitos-nocivos\/","title":{"rendered":"Dia Internacional do Ambiente: Governo reafirma implementa\u00e7\u00e3o de ac\u00e7\u00f5es que reduzem efeitos nocivos"},"content":{"rendered":"<p><img loading=\"lazy\" class=\"size-full wp-image-26521 alignleft\" src=\"https:\/\/rna.ao\/rna.ao\/wp-content\/uploads\/2021\/06\/Dia-Mundial-do-Ambiente.jpg\" alt=\"\" width=\"260\" height=\"194\" \/>O Mundo assinala hoje, 05 de Junho, o Dia Internacional do Ambiente. Por c\u00e1, o Governo angolano continua empenhado na cria\u00e7\u00e3o de condi\u00e7\u00f5es, que visam reduzir os efeitos nocivos ao meio ambiente. Para a Directora do Instituto de Gest\u00e3o Ambiental, Hassana Lima, a prova desta vontade viva do Governo \u00e9 manifestada, atrav\u00e9s da implementa\u00e7\u00e3o do Programa Nacional de Qualidade Ambiental. J\u00e1 o ambientalista Vladimir Russo, coloca a queima dos combust\u00edveis f\u00f3sseis e a m\u00e1 gest\u00e3o dos res\u00edduos, como factores que mais concorrem para a degrada\u00e7\u00e3o do ambiente. Clique, no \u00e1udio abaixo, e ou\u00e7a a reportagem do Fernando Rufino:<\/p>\n\t<div class=\"qtmplayer-playlist-large\">\n\t\t<ul class=\"qtmplayer-playlist\">\n\t\t\t\n\t\t\t\t\t<li class=\"qtmplayer-trackitem\">\n\t\t<img src=\"https:\/\/rna.ao\/rna.ao\/wp-content\/uploads\/2021\/06\/Dia-Mundial-do-Ambiente-100x100.jpg\" alt=\"cover\">\t\t<span \t\t\tdata-qtmplayer-cover=\"https:\/\/rna.ao\/rna.ao\/wp-content\/uploads\/2021\/06\/Dia-Mundial-do-Ambiente.jpg\"\n\t\t\t\t\t\tdata-qtmplayer-file=\"https:\/\/rna.ao\/rna.ao\/wp-content\/uploads\/2022\/06\/FERNANDO-RUFINO.mp3\"\n\t\t\t\t\t\tdata-qtmplayer-title=\"Dia Internacional do Ambiente: Governo reafirma implementa\u00e7\u00e3o de ac\u00e7\u00f5es que reduzem efeitos nocivos\"\n\t\t\t\t\t\tdata-qtmplayer-artist=\"RNA\"\n\t\t\t\t\t\tdata-qtmplayer-link=\"https:\/\/rna.ao\/rna.ao\/2022\/06\/05\/dia-internacional-do-ambiente-governo-reafirma-implementacao-de-accoes-que-reduzem-efeitos-nocivos\/\"\n\t\t\t\t\t\tdata-qtmplayer-icon=\"file_download\"\n\t\t\t\t\t\tdata-qtmplayer-type=\"track\"\n\t\t\t class=\"qtmplayer-play qtmplayer-link-sec qtmplayer-play-btn\"><i class='material-icons'>play_arrow<\/i><\/span>\n\t\t<p>\n\t\t\t<span class=\"qtmplayer-tit\">Dia Internacional do Ambiente: Governo reafirma implementa\u00e7\u00e3o de ac\u00e7\u00f5es que reduzem efeitos nocivos<\/span>\n\t\t\t<span class=\"qtmplayer-art\">RNA<\/span>\n\t\t<\/p>\n\t<\/li>\n\t\t<\/ul>\n\t<\/div>\t\t\t\n\t\n<p>De referir que, a data foi institu\u00edda pelas Na\u00e7\u00f5es Unidas com o objetivo de sensibilizar a sociedade a promover a ac\u00e7\u00e3o ambiental em todo o mundo. A efem\u00e9ride marca os 50 anos, desde a realiza\u00e7\u00e3o da primeira Confer\u00eancia Internacional da ONU sobre o Meio Ambiente.<\/p>\n<p>Fonte: RNA<\/p>\n","protected":false},"excerpt":{"rendered":"<p>O Mundo assinala hoje, 05 de Junho, o Dia Internacional do Ambiente. Por c\u00e1, o Governo angolano continua empenhado na cria\u00e7\u00e3o de condi\u00e7\u00f5es, que visam reduzir os efeitos nocivos ao meio ambiente. Para a Directora do Instituto de Gest\u00e3o Ambiental, Hassana Lima, a prova desta vontade viva do Governo \u00e9 ...<\/p>\n","protected":false},"author":8,"featured_media":26521,"comment_status":"closed","ping_status":"closed","sticky":false,"template":"","format":"standard","meta":[],"categories":[121,163],"tags":[],"_links":{"self":[{"href":"https:\/\/rna.ao\/rna.ao\/wp-json\/wp\/v2\/posts\/64633"}],"collection":[{"href":"https:\/\/rna.ao\/rna.ao\/wp-json\/wp\/v2\/posts"}],"about":[{"href":"https:\/\/rna.ao\/rna.ao\/wp-json\/wp\/v2\/types\/post"}],"author":[{"embeddable":true,"href":"https:\/\/rna.ao\/rna.ao\/wp-json\/wp\/v2\/users\/8"}],"replies":[{"embeddable":true,"href":"https:\/\/rna.ao\/rna.ao\/wp-json\/wp\/v2\/comments?post=64633"}],"version-history":[{"count":4,"href":"https:\/\/rna.ao\/rna.ao\/wp-json\/wp\/v2\/posts\/64633\/revisions"}],"predecessor-version":[{"id":64638,"href":"https:\/\/rna.ao\/rna.ao\/wp-json\/wp\/v2\/posts\/64633\/revisions\/64638"}],"wp:featuredmedia":[{"embeddable":true,"href":"https:\/\/rna.ao\/rna.ao\/wp-json\/wp\/v2\/media\/26521"}],"wp:attachment":[{"href":"https:\/\/rna.ao\/rna.ao\/wp-json\/wp\/v2\/media?parent=64633"}],"wp:term":[{"taxonomy":"category","embeddable":true,"href":"https:\/\/rna.ao\/rna.ao\/wp-json\/wp\/v2\/categories?post=64633"},{"taxonomy":"post_tag","embeddable":true,"href":"https:\/\/rna.ao\/rna.ao\/wp-json\/wp\/v2\/tags?post=64633"}],"curies":[{"name":"wp","href":"https:\/\/api.w.org\/{rel}","templated":true}]}}