{"id":64622,"date":"2022-06-05T08:15:21","date_gmt":"2022-06-05T07:15:21","guid":{"rendered":"https:\/\/rna.ao\/rna.ao\/?p=64622"},"modified":"2022-06-05T13:57:57","modified_gmt":"2022-06-05T12:57:57","slug":"populares-denunciam-contrabando-de-combustivel-do-cunene-para-a-republica-da-namibia","status":"publish","type":"post","link":"https:\/\/rna.ao\/rna.ao\/2022\/06\/05\/populares-denunciam-contrabando-de-combustivel-do-cunene-para-a-republica-da-namibia\/","title":{"rendered":"Populares denunciam contrabando de combust\u00edvel do Cunene para a Rep\u00fablica da Nam\u00edbia"},"content":{"rendered":"<p><img loading=\"lazy\" class=\"size-full wp-image-64624 alignleft\" src=\"https:\/\/rna.ao\/rna.ao\/wp-content\/uploads\/2022\/06\/Contrabando-de-combustivel.jpg\" alt=\"\" width=\"300\" height=\"200\" \/>O contrabando de combust\u00edveis, no Cunene, preocupa as autoridades da Prov\u00edncia. Populares, naquela localidade, denunciam a exist\u00eancia de uma rede que, a partir das bombas de combust\u00edvel, praticam o contrabando para a vizinha Rep\u00fablica da Nam\u00edbia. Saiba mais dados, no \u00e1udio abaixo, com o rep\u00f3rter Ven\u00e2ncio Isa\u00edas:<\/p>\n\t<div class=\"qtmplayer-playlist-large\">\n\t\t<ul class=\"qtmplayer-playlist\">\n\t\t\t\n\t\t\t\t\t<li class=\"qtmplayer-trackitem\">\n\t\t<img src=\"https:\/\/rna.ao\/rna.ao\/wp-content\/uploads\/2022\/06\/Contrabando-de-combustivel-100x100.jpg\" alt=\"cover\">\t\t<span \t\t\tdata-qtmplayer-cover=\"https:\/\/rna.ao\/rna.ao\/wp-content\/uploads\/2022\/06\/Contrabando-de-combustivel.jpg\"\n\t\t\t\t\t\tdata-qtmplayer-file=\"https:\/\/rna.ao\/rna.ao\/wp-content\/uploads\/2022\/06\/VENANCIO-ISAIAS.mp3\"\n\t\t\t\t\t\tdata-qtmplayer-title=\"Populares denunciam contrabando de combust\u00edvel do Cunene para a Rep\u00fablica da Nam\u00edbia\"\n\t\t\t\t\t\tdata-qtmplayer-artist=\"RNA\"\n\t\t\t\t\t\tdata-qtmplayer-link=\"https:\/\/rna.ao\/rna.ao\/2022\/06\/05\/populares-denunciam-contrabando-de-combustivel-do-cunene-para-a-republica-da-namibia\/\"\n\t\t\t\t\t\tdata-qtmplayer-icon=\"file_download\"\n\t\t\t\t\t\tdata-qtmplayer-type=\"track\"\n\t\t\t class=\"qtmplayer-play qtmplayer-link-sec qtmplayer-play-btn\"><i class='material-icons'>play_arrow<\/i><\/span>\n\t\t<p>\n\t\t\t<span class=\"qtmplayer-tit\">Populares denunciam contrabando de combust\u00edvel do Cunene para a Rep\u00fablica da Nam\u00edbia<\/span>\n\t\t\t<span class=\"qtmplayer-art\">RNA<\/span>\n\t\t<\/p>\n\t<\/li>\n\t\t<\/ul>\n\t<\/div>\t\t\t\n\t\n<p>Fonte: RNA<\/p>\n","protected":false},"excerpt":{"rendered":"<p>O contrabando de combust\u00edveis, no Cunene, preocupa as autoridades da Prov\u00edncia. Populares, naquela localidade, denunciam a exist\u00eancia de uma rede que, a partir das bombas de combust\u00edvel, praticam o contrabando para a vizinha Rep\u00fablica da Nam\u00edbia. Saiba mais dados, no \u00e1udio abaixo, com o rep\u00f3rter Ven\u00e2ncio Isa\u00edas: Fonte: RNA<\/p>\n","protected":false},"author":8,"featured_media":64624,"comment_status":"closed","ping_status":"closed","sticky":false,"template":"","format":"standard","meta":[],"categories":[121,164,163],"tags":[],"_links":{"self":[{"href":"https:\/\/rna.ao\/rna.ao\/wp-json\/wp\/v2\/posts\/64622"}],"collection":[{"href":"https:\/\/rna.ao\/rna.ao\/wp-json\/wp\/v2\/posts"}],"about":[{"href":"https:\/\/rna.ao\/rna.ao\/wp-json\/wp\/v2\/types\/post"}],"author":[{"embeddable":true,"href":"https:\/\/rna.ao\/rna.ao\/wp-json\/wp\/v2\/users\/8"}],"replies":[{"embeddable":true,"href":"https:\/\/rna.ao\/rna.ao\/wp-json\/wp\/v2\/comments?post=64622"}],"version-history":[{"count":1,"href":"https:\/\/rna.ao\/rna.ao\/wp-json\/wp\/v2\/posts\/64622\/revisions"}],"predecessor-version":[{"id":64625,"href":"https:\/\/rna.ao\/rna.ao\/wp-json\/wp\/v2\/posts\/64622\/revisions\/64625"}],"wp:featuredmedia":[{"embeddable":true,"href":"https:\/\/rna.ao\/rna.ao\/wp-json\/wp\/v2\/media\/64624"}],"wp:attachment":[{"href":"https:\/\/rna.ao\/rna.ao\/wp-json\/wp\/v2\/media?parent=64622"}],"wp:term":[{"taxonomy":"category","embeddable":true,"href":"https:\/\/rna.ao\/rna.ao\/wp-json\/wp\/v2\/categories?post=64622"},{"taxonomy":"post_tag","embeddable":true,"href":"https:\/\/rna.ao\/rna.ao\/wp-json\/wp\/v2\/tags?post=64622"}],"curies":[{"name":"wp","href":"https:\/\/api.w.org\/{rel}","templated":true}]}}