{"id":64617,"date":"2022-06-04T18:19:06","date_gmt":"2022-06-04T17:19:06","guid":{"rendered":"https:\/\/rna.ao\/rna.ao\/?p=64617"},"modified":"2022-06-05T13:57:21","modified_gmt":"2022-06-05T12:57:21","slug":"cne-e-tribunal-constitucional-devem-ser-imparciais-e-transparentes-nas-eleicoes-defendem-especialistas","status":"publish","type":"post","link":"https:\/\/rna.ao\/rna.ao\/2022\/06\/04\/cne-e-tribunal-constitucional-devem-ser-imparciais-e-transparentes-nas-eleicoes-defendem-especialistas\/","title":{"rendered":"CNE e Tribunal Constitucional devem ser imparciais e transparentes nas elei\u00e7\u00f5es &#8211; defendem especialistas"},"content":{"rendered":"<p><img loading=\"lazy\" class=\"size-full wp-image-51835 alignleft\" src=\"https:\/\/rna.ao\/rna.ao\/wp-content\/uploads\/2022\/02\/Estudio-A-RNA.jpg\" alt=\"\" width=\"287\" height=\"215\" \/>O programa \u201cEspecial Informa\u00e7\u00e3o\u201d, da R\u00e1dio Nacional de Angola, emitido na manh\u00e3 deste s\u00e1bado, 04 de Junho, na sequ\u00eancia do an\u00fancio da data de realiza\u00e7\u00e3o das Elei\u00e7\u00f5es Gerais em Angola, analisou o n\u00edvel de prepara\u00e7\u00e3o das for\u00e7as pol\u00edticas, para o efeito. Figuras da sociedade civil reiteraram a import\u00e2ncia da transpar\u00eancia, por parte das institui\u00e7\u00f5es como a Comiss\u00e3o Nacional Eleitoral (CNE), ou o Tribunal Constitucional, porque disso depender\u00e1 confian\u00e7a no processo eleitoral. Clique, no \u00e1udio abaixo, e ou\u00e7a o jornalista D\u00e1rio Castro com mais desenvolvimento:<\/p>\n\t<div class=\"qtmplayer-playlist-large\">\n\t\t<ul class=\"qtmplayer-playlist\">\n\t\t\t\n\t\t\t\t\t<li class=\"qtmplayer-trackitem\">\n\t\t<img src=\"https:\/\/rna.ao\/rna.ao\/wp-content\/uploads\/2021\/02\/Tribunal-Constitucional-1-100x100.jpg\" alt=\"cover\">\t\t<span \t\t\tdata-qtmplayer-cover=\"https:\/\/rna.ao\/rna.ao\/wp-content\/uploads\/2021\/02\/Tribunal-Constitucional-1.jpg\"\n\t\t\t\t\t\tdata-qtmplayer-file=\"https:\/\/rna.ao\/rna.ao\/wp-content\/uploads\/2022\/06\/DARIO-CASTRO.mp3\"\n\t\t\t\t\t\tdata-qtmplayer-title=\"CNE e Tribunal Constitucional devem ser imparciais e transparentes nas elei\u00e7\u00f5es &#8211; defendem especialistas\"\n\t\t\t\t\t\tdata-qtmplayer-artist=\"RNA\"\n\t\t\t\t\t\tdata-qtmplayer-link=\"https:\/\/rna.ao\/rna.ao\/2022\/06\/04\/cne-e-tribunal-constitucional-devem-ser-imparciais-e-transparentes-nas-eleicoes-defendem-especialistas\/\"\n\t\t\t\t\t\tdata-qtmplayer-icon=\"file_download\"\n\t\t\t\t\t\tdata-qtmplayer-type=\"track\"\n\t\t\t class=\"qtmplayer-play qtmplayer-link-sec qtmplayer-play-btn\"><i class='material-icons'>play_arrow<\/i><\/span>\n\t\t<p>\n\t\t\t<span class=\"qtmplayer-tit\">CNE e Tribunal Constitucional devem ser imparciais e transparentes nas elei\u00e7\u00f5es &#8211; defendem especialistas<\/span>\n\t\t\t<span class=\"qtmplayer-art\">RNA<\/span>\n\t\t<\/p>\n\t<\/li>\n\t\t<\/ul>\n\t<\/div>\t\t\t\n\t\n<p>Fonte: RNA<\/p>\n","protected":false},"excerpt":{"rendered":"<p>O programa \u201cEspecial Informa\u00e7\u00e3o\u201d, da R\u00e1dio Nacional de Angola, emitido na manh\u00e3 deste s\u00e1bado, 04 de Junho, na sequ\u00eancia do an\u00fancio da data de realiza\u00e7\u00e3o das Elei\u00e7\u00f5es Gerais em Angola, analisou o n\u00edvel de prepara\u00e7\u00e3o das for\u00e7as pol\u00edticas, para o efeito. Figuras da sociedade civil reiteraram a import\u00e2ncia da transpar\u00eancia, ...<\/p>\n","protected":false},"author":8,"featured_media":16379,"comment_status":"closed","ping_status":"closed","sticky":false,"template":"","format":"standard","meta":[],"categories":[142,121,164,163],"tags":[],"_links":{"self":[{"href":"https:\/\/rna.ao\/rna.ao\/wp-json\/wp\/v2\/posts\/64617"}],"collection":[{"href":"https:\/\/rna.ao\/rna.ao\/wp-json\/wp\/v2\/posts"}],"about":[{"href":"https:\/\/rna.ao\/rna.ao\/wp-json\/wp\/v2\/types\/post"}],"author":[{"embeddable":true,"href":"https:\/\/rna.ao\/rna.ao\/wp-json\/wp\/v2\/users\/8"}],"replies":[{"embeddable":true,"href":"https:\/\/rna.ao\/rna.ao\/wp-json\/wp\/v2\/comments?post=64617"}],"version-history":[{"count":2,"href":"https:\/\/rna.ao\/rna.ao\/wp-json\/wp\/v2\/posts\/64617\/revisions"}],"predecessor-version":[{"id":64620,"href":"https:\/\/rna.ao\/rna.ao\/wp-json\/wp\/v2\/posts\/64617\/revisions\/64620"}],"wp:featuredmedia":[{"embeddable":true,"href":"https:\/\/rna.ao\/rna.ao\/wp-json\/wp\/v2\/media\/16379"}],"wp:attachment":[{"href":"https:\/\/rna.ao\/rna.ao\/wp-json\/wp\/v2\/media?parent=64617"}],"wp:term":[{"taxonomy":"category","embeddable":true,"href":"https:\/\/rna.ao\/rna.ao\/wp-json\/wp\/v2\/categories?post=64617"},{"taxonomy":"post_tag","embeddable":true,"href":"https:\/\/rna.ao\/rna.ao\/wp-json\/wp\/v2\/tags?post=64617"}],"curies":[{"name":"wp","href":"https:\/\/api.w.org\/{rel}","templated":true}]}}