{"id":64613,"date":"2022-06-04T17:43:04","date_gmt":"2022-06-04T16:43:04","guid":{"rendered":"https:\/\/rna.ao\/rna.ao\/?p=64613"},"modified":"2022-06-05T13:57:33","modified_gmt":"2022-06-05T12:57:33","slug":"zaire-vai-ganhar-neste-mes-a-primeira-fabrica-de-producao-industrial-de-fertilizantes-do-pais","status":"publish","type":"post","link":"https:\/\/rna.ao\/rna.ao\/2022\/06\/04\/zaire-vai-ganhar-neste-mes-a-primeira-fabrica-de-producao-industrial-de-fertilizantes-do-pais\/","title":{"rendered":"Zaire vai ganhar, neste m\u00eas, a primeira f\u00e1brica de produ\u00e7\u00e3o industrial de fertilizantes do pa\u00eds"},"content":{"rendered":"<p><img loading=\"lazy\" class=\"wp-image-64610 alignleft\" src=\"https:\/\/rna.ao\/rna.ao\/wp-content\/uploads\/2022\/06\/JLO-Jlo-MPLA-3.jpg\" alt=\"\" width=\"316\" height=\"181\" \/>O Presidente do partido que suporta o Governo em Angola, Jo\u00e3o Louren\u00e7o, anunciou este s\u00e1bado, 04 de Junho, em Mbanza Congo, Prov\u00edncia do Zaire, o in\u00edcio das actividades da produ\u00e7\u00e3o industrial de fertilizantes. Jo\u00e3o Louren\u00e7o, que falava durante um acto pol\u00edtico de massas, disse que a f\u00e1brica, que come\u00e7a a ser erguida este m\u00eas naquela Prov\u00edncia, vai reduzir a importa\u00e7\u00e3o de fertilizantes. Clique no \u00e1udio e ou\u00e7a:<\/p>\n\t<div class=\"qtmplayer-playlist-large\">\n\t\t<ul class=\"qtmplayer-playlist\">\n\t\t\t\n\t\t\t\t\t<li class=\"qtmplayer-trackitem\">\n\t\t<img src=\"https:\/\/rna.ao\/rna.ao\/wp-content\/uploads\/2022\/06\/Fertilizantes-100x100.jpg\" alt=\"cover\">\t\t<span \t\t\tdata-qtmplayer-cover=\"https:\/\/rna.ao\/rna.ao\/wp-content\/uploads\/2022\/06\/Fertilizantes.jpg\"\n\t\t\t\t\t\tdata-qtmplayer-file=\"https:\/\/rna.ao\/rna.ao\/wp-content\/uploads\/2022\/06\/JLO-FERTILIZANTES-04-06.mp3\"\n\t\t\t\t\t\tdata-qtmplayer-title=\"Zaire vai ganhar, neste m\u00eas, a primeira f\u00e1brica de produ\u00e7\u00e3o industrial de fertilizantes do pa\u00eds\"\n\t\t\t\t\t\tdata-qtmplayer-artist=\"RNA\"\n\t\t\t\t\t\tdata-qtmplayer-link=\"https:\/\/rna.ao\/rna.ao\/2022\/06\/04\/zaire-vai-ganhar-neste-mes-a-primeira-fabrica-de-producao-industrial-de-fertilizantes-do-pais\/\"\n\t\t\t\t\t\tdata-qtmplayer-icon=\"file_download\"\n\t\t\t\t\t\tdata-qtmplayer-type=\"track\"\n\t\t\t class=\"qtmplayer-play qtmplayer-link-sec qtmplayer-play-btn\"><i class='material-icons'>play_arrow<\/i><\/span>\n\t\t<p>\n\t\t\t<span class=\"qtmplayer-tit\">Zaire vai ganhar, neste m\u00eas, a primeira f\u00e1brica de produ\u00e7\u00e3o industrial de fertilizantes do pa\u00eds<\/span>\n\t\t\t<span class=\"qtmplayer-art\">RNA<\/span>\n\t\t<\/p>\n\t<\/li>\n\t\t<\/ul>\n\t<\/div>\t\t\t\n\t\n<p>Fonte: RNA<\/p>\n","protected":false},"excerpt":{"rendered":"<p>O Presidente do partido que suporta o Governo em Angola, Jo\u00e3o Louren\u00e7o, anunciou este s\u00e1bado, 04 de Junho, em Mbanza Congo, Prov\u00edncia do Zaire, o in\u00edcio das actividades da produ\u00e7\u00e3o industrial de fertilizantes. Jo\u00e3o Louren\u00e7o, que falava durante um acto pol\u00edtico de massas, disse que a f\u00e1brica, que come\u00e7a a ...<\/p>\n","protected":false},"author":8,"featured_media":64615,"comment_status":"closed","ping_status":"closed","sticky":false,"template":"","format":"standard","meta":[],"categories":[142,121,164,163],"tags":[],"_links":{"self":[{"href":"https:\/\/rna.ao\/rna.ao\/wp-json\/wp\/v2\/posts\/64613"}],"collection":[{"href":"https:\/\/rna.ao\/rna.ao\/wp-json\/wp\/v2\/posts"}],"about":[{"href":"https:\/\/rna.ao\/rna.ao\/wp-json\/wp\/v2\/types\/post"}],"author":[{"embeddable":true,"href":"https:\/\/rna.ao\/rna.ao\/wp-json\/wp\/v2\/users\/8"}],"replies":[{"embeddable":true,"href":"https:\/\/rna.ao\/rna.ao\/wp-json\/wp\/v2\/comments?post=64613"}],"version-history":[{"count":1,"href":"https:\/\/rna.ao\/rna.ao\/wp-json\/wp\/v2\/posts\/64613\/revisions"}],"predecessor-version":[{"id":64616,"href":"https:\/\/rna.ao\/rna.ao\/wp-json\/wp\/v2\/posts\/64613\/revisions\/64616"}],"wp:featuredmedia":[{"embeddable":true,"href":"https:\/\/rna.ao\/rna.ao\/wp-json\/wp\/v2\/media\/64615"}],"wp:attachment":[{"href":"https:\/\/rna.ao\/rna.ao\/wp-json\/wp\/v2\/media?parent=64613"}],"wp:term":[{"taxonomy":"category","embeddable":true,"href":"https:\/\/rna.ao\/rna.ao\/wp-json\/wp\/v2\/categories?post=64613"},{"taxonomy":"post_tag","embeddable":true,"href":"https:\/\/rna.ao\/rna.ao\/wp-json\/wp\/v2\/tags?post=64613"}],"curies":[{"name":"wp","href":"https:\/\/api.w.org\/{rel}","templated":true}]}}