{"id":64608,"date":"2022-06-04T17:35:09","date_gmt":"2022-06-04T16:35:09","guid":{"rendered":"https:\/\/rna.ao\/rna.ao\/?p=64608"},"modified":"2022-06-05T13:57:45","modified_gmt":"2022-06-05T12:57:45","slug":"cidades-de-mbanza-congo-e-soyo-vao-ter-centralidades-com-1500-habitacoes-cada","status":"publish","type":"post","link":"https:\/\/rna.ao\/rna.ao\/2022\/06\/04\/cidades-de-mbanza-congo-e-soyo-vao-ter-centralidades-com-1500-habitacoes-cada\/","title":{"rendered":"Cidades de Mbanza Congo e Soyo v\u00e3o ter Centralidades com 1500 habita\u00e7\u00f5es cada"},"content":{"rendered":"<p><img loading=\"lazy\" class=\" wp-image-64610 alignleft\" src=\"https:\/\/rna.ao\/rna.ao\/wp-content\/uploads\/2022\/06\/JLO-Jlo-MPLA-3.jpg\" alt=\"\" width=\"377\" height=\"216\" \/>A Prov\u00edncia do Zaire vai ganhar duas centralidades, que ser\u00e3o constru\u00eddas nas cidades de Mbaza Congo e Soyo, cada uma delas com 1500 habita\u00e7\u00f5es. O anuncio foi feito este s\u00e1bado, 04 de Junho, na Pra\u00e7a Dr.Ant\u00f3nio Agostinho Neto, pelo Presidente Jo\u00e3o Louren\u00e7o, durante o acto pol\u00edtico de massas na cidade de Mbanza Congo. Clique, no \u00e1udio abaixo e ou\u00e7a a jornalista Sany Fuche com mais desenvolvimento:<\/p>\n\t<div class=\"qtmplayer-playlist-large\">\n\t\t<ul class=\"qtmplayer-playlist\">\n\t\t\t\n\t\t\t\t\t<li class=\"qtmplayer-trackitem\">\n\t\t<img src=\"https:\/\/rna.ao\/rna.ao\/wp-content\/uploads\/2022\/06\/Centralidade-1-100x100.jpg\" alt=\"cover\">\t\t<span \t\t\tdata-qtmplayer-cover=\"https:\/\/rna.ao\/rna.ao\/wp-content\/uploads\/2022\/06\/Centralidade-1.jpg\"\n\t\t\t\t\t\tdata-qtmplayer-file=\"https:\/\/rna.ao\/rna.ao\/wp-content\/uploads\/2022\/06\/SANY-FUCHE-PR-04-06.mp3\"\n\t\t\t\t\t\tdata-qtmplayer-title=\"Cidades de Mbanza Congo e Soyo v\u00e3o ter Centralidades com 1500 habita\u00e7\u00f5es cada\"\n\t\t\t\t\t\tdata-qtmplayer-artist=\"RNA\"\n\t\t\t\t\t\tdata-qtmplayer-link=\"https:\/\/rna.ao\/rna.ao\/2022\/06\/04\/cidades-de-mbanza-congo-e-soyo-vao-ter-centralidades-com-1500-habitacoes-cada\/\"\n\t\t\t\t\t\tdata-qtmplayer-icon=\"file_download\"\n\t\t\t\t\t\tdata-qtmplayer-type=\"track\"\n\t\t\t class=\"qtmplayer-play qtmplayer-link-sec qtmplayer-play-btn\"><i class='material-icons'>play_arrow<\/i><\/span>\n\t\t<p>\n\t\t\t<span class=\"qtmplayer-tit\">Cidades de Mbanza Congo e Soyo v\u00e3o ter Centralidades com 1500 habita\u00e7\u00f5es cada<\/span>\n\t\t\t<span class=\"qtmplayer-art\">RNA<\/span>\n\t\t<\/p>\n\t<\/li>\n\t\t<\/ul>\n\t<\/div>\t\t\t\n\t\n<p>Fonte: RNA<\/p>\n","protected":false},"excerpt":{"rendered":"<p>A Prov\u00edncia do Zaire vai ganhar duas centralidades, que ser\u00e3o constru\u00eddas nas cidades de Mbaza Congo e Soyo, cada uma delas com 1500 habita\u00e7\u00f5es. O anuncio foi feito este s\u00e1bado, 04 de Junho, na Pra\u00e7a Dr.Ant\u00f3nio Agostinho Neto, pelo Presidente Jo\u00e3o Louren\u00e7o, durante o acto pol\u00edtico de massas na cidade ...<\/p>\n","protected":false},"author":8,"featured_media":64611,"comment_status":"closed","ping_status":"closed","sticky":false,"template":"","format":"standard","meta":[],"categories":[142,121,164,163],"tags":[],"_links":{"self":[{"href":"https:\/\/rna.ao\/rna.ao\/wp-json\/wp\/v2\/posts\/64608"}],"collection":[{"href":"https:\/\/rna.ao\/rna.ao\/wp-json\/wp\/v2\/posts"}],"about":[{"href":"https:\/\/rna.ao\/rna.ao\/wp-json\/wp\/v2\/types\/post"}],"author":[{"embeddable":true,"href":"https:\/\/rna.ao\/rna.ao\/wp-json\/wp\/v2\/users\/8"}],"replies":[{"embeddable":true,"href":"https:\/\/rna.ao\/rna.ao\/wp-json\/wp\/v2\/comments?post=64608"}],"version-history":[{"count":1,"href":"https:\/\/rna.ao\/rna.ao\/wp-json\/wp\/v2\/posts\/64608\/revisions"}],"predecessor-version":[{"id":64612,"href":"https:\/\/rna.ao\/rna.ao\/wp-json\/wp\/v2\/posts\/64608\/revisions\/64612"}],"wp:featuredmedia":[{"embeddable":true,"href":"https:\/\/rna.ao\/rna.ao\/wp-json\/wp\/v2\/media\/64611"}],"wp:attachment":[{"href":"https:\/\/rna.ao\/rna.ao\/wp-json\/wp\/v2\/media?parent=64608"}],"wp:term":[{"taxonomy":"category","embeddable":true,"href":"https:\/\/rna.ao\/rna.ao\/wp-json\/wp\/v2\/categories?post=64608"},{"taxonomy":"post_tag","embeddable":true,"href":"https:\/\/rna.ao\/rna.ao\/wp-json\/wp\/v2\/tags?post=64608"}],"curies":[{"name":"wp","href":"https:\/\/api.w.org\/{rel}","templated":true}]}}