{"id":64596,"date":"2022-06-04T08:53:11","date_gmt":"2022-06-04T07:53:11","guid":{"rendered":"https:\/\/rna.ao\/rna.ao\/?p=64596"},"modified":"2022-06-04T08:55:38","modified_gmt":"2022-06-04T07:55:38","slug":"novo-corpo-directivo-toma-posse-no-hospital-de-cacuaco-administrador-ja-quer-ouvir-falar-em-falta-de-medicamentos","status":"publish","type":"post","link":"https:\/\/rna.ao\/rna.ao\/2022\/06\/04\/novo-corpo-directivo-toma-posse-no-hospital-de-cacuaco-administrador-ja-quer-ouvir-falar-em-falta-de-medicamentos\/","title":{"rendered":"Novo corpo directivo toma posse no Hospital de Cacuaco. Administrador j\u00e1 n\u00e3o quer ouvir falar em falta de medicamentos"},"content":{"rendered":"<p><img loading=\"lazy\" class=\"size-full wp-image-10642 alignleft\" src=\"https:\/\/rna.ao\/rna.ao\/wp-content\/uploads\/2020\/11\/Hospital-Municipal-de-Cacuaco-2.jpg\" alt=\"\" width=\"289\" height=\"251\" \/>O Hospital Municipal de Cacuaco j\u00e1 tem um novo corpo diretivo. A tomada de posse aconteceu na sexta-feira, 03\/06, e a directora fala na eleva\u00e7\u00e3o da melhoria dos servi\u00e7os prestados naquela unidade de refer\u00eancia. Ou\u00e7a, no \u00e1udio abaixo, mais dados com o rep\u00f3rter Agapito do Carmo:<\/p>\n\t<div class=\"qtmplayer-playlist-large\">\n\t\t<ul class=\"qtmplayer-playlist\">\n\t\t\t\n\t\t\t\t\t<li class=\"qtmplayer-trackitem\">\n\t\t<img src=\"https:\/\/rna.ao\/rna.ao\/wp-content\/uploads\/2020\/11\/Hospital-Municipal-de-Cacuaco-2-100x100.jpg\" alt=\"cover\">\t\t<span \t\t\tdata-qtmplayer-cover=\"https:\/\/rna.ao\/rna.ao\/wp-content\/uploads\/2020\/11\/Hospital-Municipal-de-Cacuaco-2.jpg\"\n\t\t\t\t\t\tdata-qtmplayer-file=\"https:\/\/rna.ao\/rna.ao\/wp-content\/uploads\/2022\/06\/AGAPITO-DO-CARMO.mp3\"\n\t\t\t\t\t\tdata-qtmplayer-title=\"Novo corpo directivo toma posse no Hospital de Cacuaco. Administrador j\u00e1 n\u00e3o quer ouvir falar em falta de medicamentos\"\n\t\t\t\t\t\tdata-qtmplayer-artist=\"RNA\"\n\t\t\t\t\t\tdata-qtmplayer-link=\"https:\/\/rna.ao\/rna.ao\/2022\/06\/04\/novo-corpo-directivo-toma-posse-no-hospital-de-cacuaco-administrador-ja-quer-ouvir-falar-em-falta-de-medicamentos\/\"\n\t\t\t\t\t\tdata-qtmplayer-icon=\"file_download\"\n\t\t\t\t\t\tdata-qtmplayer-type=\"track\"\n\t\t\t class=\"qtmplayer-play qtmplayer-link-sec qtmplayer-play-btn\"><i class='material-icons'>play_arrow<\/i><\/span>\n\t\t<p>\n\t\t\t<span class=\"qtmplayer-tit\">Novo corpo directivo toma posse no Hospital de Cacuaco. Administrador j\u00e1 n\u00e3o quer ouvir falar em falta de medicamentos<\/span>\n\t\t\t<span class=\"qtmplayer-art\">RNA<\/span>\n\t\t<\/p>\n\t<\/li>\n\t\t<\/ul>\n\t<\/div>\t\t\t\n\t\n<p>Fonte: R\u00e1dio Luanda\/RNA<\/p>\n<p>&nbsp;<\/p>\n<p>&nbsp;<\/p>\n","protected":false},"excerpt":{"rendered":"<p>O Hospital Municipal de Cacuaco j\u00e1 tem um novo corpo diretivo. A tomada de posse aconteceu na sexta-feira, 03\/06, e a directora fala na eleva\u00e7\u00e3o da melhoria dos servi\u00e7os prestados naquela unidade de refer\u00eancia. Ou\u00e7a, no \u00e1udio abaixo, mais dados com o rep\u00f3rter Agapito do Carmo: Fonte: R\u00e1dio Luanda\/RNA &nbsp; ...<\/p>\n","protected":false},"author":8,"featured_media":10642,"comment_status":"closed","ping_status":"closed","sticky":false,"template":"","format":"standard","meta":[],"categories":[141,133],"tags":[],"_links":{"self":[{"href":"https:\/\/rna.ao\/rna.ao\/wp-json\/wp\/v2\/posts\/64596"}],"collection":[{"href":"https:\/\/rna.ao\/rna.ao\/wp-json\/wp\/v2\/posts"}],"about":[{"href":"https:\/\/rna.ao\/rna.ao\/wp-json\/wp\/v2\/types\/post"}],"author":[{"embeddable":true,"href":"https:\/\/rna.ao\/rna.ao\/wp-json\/wp\/v2\/users\/8"}],"replies":[{"embeddable":true,"href":"https:\/\/rna.ao\/rna.ao\/wp-json\/wp\/v2\/comments?post=64596"}],"version-history":[{"count":2,"href":"https:\/\/rna.ao\/rna.ao\/wp-json\/wp\/v2\/posts\/64596\/revisions"}],"predecessor-version":[{"id":64599,"href":"https:\/\/rna.ao\/rna.ao\/wp-json\/wp\/v2\/posts\/64596\/revisions\/64599"}],"wp:featuredmedia":[{"embeddable":true,"href":"https:\/\/rna.ao\/rna.ao\/wp-json\/wp\/v2\/media\/10642"}],"wp:attachment":[{"href":"https:\/\/rna.ao\/rna.ao\/wp-json\/wp\/v2\/media?parent=64596"}],"wp:term":[{"taxonomy":"category","embeddable":true,"href":"https:\/\/rna.ao\/rna.ao\/wp-json\/wp\/v2\/categories?post=64596"},{"taxonomy":"post_tag","embeddable":true,"href":"https:\/\/rna.ao\/rna.ao\/wp-json\/wp\/v2\/tags?post=64596"}],"curies":[{"name":"wp","href":"https:\/\/api.w.org\/{rel}","templated":true}]}}