{"id":64593,"date":"2022-06-04T08:47:17","date_gmt":"2022-06-04T07:47:17","guid":{"rendered":"https:\/\/rna.ao\/rna.ao\/?p=64593"},"modified":"2022-06-04T08:47:17","modified_gmt":"2022-06-04T07:47:17","slug":"feira-da-saude-mais-de-300-moradores-do-bairro-mundial-beneficiam-hoje-de-assistencia-medica-gratuita","status":"publish","type":"post","link":"https:\/\/rna.ao\/rna.ao\/2022\/06\/04\/feira-da-saude-mais-de-300-moradores-do-bairro-mundial-beneficiam-hoje-de-assistencia-medica-gratuita\/","title":{"rendered":"Feira da Sa\u00fade: Mais de 300 moradores do bairro Mundial beneficiam hoje de assist\u00eancia m\u00e9dica gratuita"},"content":{"rendered":"<p><img loading=\"lazy\" class=\"wp-image-60927 alignleft\" src=\"https:\/\/rna.ao\/rna.ao\/wp-content\/uploads\/2022\/05\/estudantes-realizam-feira-da-saude-para-ajudar-hospital_1508092125-b-770x434.jpg\" alt=\"\" width=\"312\" height=\"176\" srcset=\"https:\/\/rna.ao\/rna.ao\/wp-content\/uploads\/2022\/05\/estudantes-realizam-feira-da-saude-para-ajudar-hospital_1508092125-b-770x434.jpg 770w, https:\/\/rna.ao\/rna.ao\/wp-content\/uploads\/2022\/05\/estudantes-realizam-feira-da-saude-para-ajudar-hospital_1508092125-b-768x433.jpg 768w, https:\/\/rna.ao\/rna.ao\/wp-content\/uploads\/2022\/05\/estudantes-realizam-feira-da-saude-para-ajudar-hospital_1508092125-b.jpg 780w\" sizes=\"(max-width: 312px) 100vw, 312px\" \/>Mais de trezentas pessoas no Bairro Mundial, Munic\u00edpio de Belas, v\u00e3o beneficiar\u00a0 de assist\u00eancia m\u00e9dica gratuita na Feira de Sa\u00fade, agendada para este s\u00e1bado, 04 de Junho. O gesto \u00e9 uma iniciativa conjunta da Associa\u00e7\u00e3o Juvenil de Apoio \u00e0s Comunidades \u201cAJACOM\u201d e a Associa\u00e7\u00e3o Juvenil Unidos pelo Bem-Estar das Comunidades \u201cAJUSAC\u201d. Clique, no \u00e1udio abaixo, e saiba outros pormenores com o rep\u00f3rter Louren\u00e7o Chivinda:<\/p>\n\t<div class=\"qtmplayer-playlist-large\">\n\t\t<ul class=\"qtmplayer-playlist\">\n\t\t\t\n\t\t\t\t\t<li class=\"qtmplayer-trackitem\">\n\t\t<img src=\"https:\/\/rna.ao\/rna.ao\/wp-content\/uploads\/2022\/05\/estudantes-realizam-feira-da-saude-para-ajudar-hospital_1508092125-b-100x100.jpg\" alt=\"cover\">\t\t<span \t\t\tdata-qtmplayer-cover=\"https:\/\/rna.ao\/rna.ao\/wp-content\/uploads\/2022\/05\/estudantes-realizam-feira-da-saude-para-ajudar-hospital_1508092125-b-370x370.jpg\"\n\t\t\t\t\t\tdata-qtmplayer-file=\"https:\/\/rna.ao\/rna.ao\/wp-content\/uploads\/2022\/06\/LOURENCO-CHIVINDA-FEIRA-SAUDE-BELAS.mp3\"\n\t\t\t\t\t\tdata-qtmplayer-title=\"Feira da Sa\u00fade: Mais de 300 moradores do bairro Mundial beneficiam hoje de assist\u00eancia m\u00e9dica gratuita\"\n\t\t\t\t\t\tdata-qtmplayer-artist=\"RNA\"\n\t\t\t\t\t\tdata-qtmplayer-link=\"https:\/\/rna.ao\/rna.ao\/2022\/06\/04\/feira-da-saude-mais-de-300-moradores-do-bairro-mundial-beneficiam-hoje-de-assistencia-medica-gratuita\/\"\n\t\t\t\t\t\tdata-qtmplayer-icon=\"file_download\"\n\t\t\t\t\t\tdata-qtmplayer-type=\"track\"\n\t\t\t class=\"qtmplayer-play qtmplayer-link-sec qtmplayer-play-btn\"><i class='material-icons'>play_arrow<\/i><\/span>\n\t\t<p>\n\t\t\t<span class=\"qtmplayer-tit\">Feira da Sa\u00fade: Mais de 300 moradores do bairro Mundial beneficiam hoje de assist\u00eancia m\u00e9dica gratuita<\/span>\n\t\t\t<span class=\"qtmplayer-art\">RNA<\/span>\n\t\t<\/p>\n\t<\/li>\n\t\t<\/ul>\n\t<\/div>\t\t\t\n\t\n<p>Fonte: R\u00e1dio Luanda\/RNA<\/p>\n<p>&nbsp;<\/p>\n","protected":false},"excerpt":{"rendered":"<p>Mais de trezentas pessoas no Bairro Mundial, Munic\u00edpio de Belas, v\u00e3o beneficiar\u00a0 de assist\u00eancia m\u00e9dica gratuita na Feira de Sa\u00fade, agendada para este s\u00e1bado, 04 de Junho. O gesto \u00e9 uma iniciativa conjunta da Associa\u00e7\u00e3o Juvenil de Apoio \u00e0s Comunidades \u201cAJACOM\u201d e a Associa\u00e7\u00e3o Juvenil Unidos pelo Bem-Estar das Comunidades ...<\/p>\n","protected":false},"author":8,"featured_media":60927,"comment_status":"closed","ping_status":"closed","sticky":false,"template":"","format":"standard","meta":[],"categories":[141,133],"tags":[],"_links":{"self":[{"href":"https:\/\/rna.ao\/rna.ao\/wp-json\/wp\/v2\/posts\/64593"}],"collection":[{"href":"https:\/\/rna.ao\/rna.ao\/wp-json\/wp\/v2\/posts"}],"about":[{"href":"https:\/\/rna.ao\/rna.ao\/wp-json\/wp\/v2\/types\/post"}],"author":[{"embeddable":true,"href":"https:\/\/rna.ao\/rna.ao\/wp-json\/wp\/v2\/users\/8"}],"replies":[{"embeddable":true,"href":"https:\/\/rna.ao\/rna.ao\/wp-json\/wp\/v2\/comments?post=64593"}],"version-history":[{"count":1,"href":"https:\/\/rna.ao\/rna.ao\/wp-json\/wp\/v2\/posts\/64593\/revisions"}],"predecessor-version":[{"id":64595,"href":"https:\/\/rna.ao\/rna.ao\/wp-json\/wp\/v2\/posts\/64593\/revisions\/64595"}],"wp:featuredmedia":[{"embeddable":true,"href":"https:\/\/rna.ao\/rna.ao\/wp-json\/wp\/v2\/media\/60927"}],"wp:attachment":[{"href":"https:\/\/rna.ao\/rna.ao\/wp-json\/wp\/v2\/media?parent=64593"}],"wp:term":[{"taxonomy":"category","embeddable":true,"href":"https:\/\/rna.ao\/rna.ao\/wp-json\/wp\/v2\/categories?post=64593"},{"taxonomy":"post_tag","embeddable":true,"href":"https:\/\/rna.ao\/rna.ao\/wp-json\/wp\/v2\/tags?post=64593"}],"curies":[{"name":"wp","href":"https:\/\/api.w.org\/{rel}","templated":true}]}}