{"id":64586,"date":"2022-06-04T07:05:49","date_gmt":"2022-06-04T06:05:49","guid":{"rendered":"https:\/\/rna.ao\/rna.ao\/?p=64586"},"modified":"2022-06-04T08:28:20","modified_gmt":"2022-06-04T07:28:20","slug":"piscina-de-alvalade-acolhe-neste-fim-de-semana-meeting-internacional-de-natacao","status":"publish","type":"post","link":"https:\/\/rna.ao\/rna.ao\/2022\/06\/04\/piscina-de-alvalade-acolhe-neste-fim-de-semana-meeting-internacional-de-natacao\/","title":{"rendered":"Piscina de Alvalade acolhe, neste fim-de-semana, meeting internacional de nata\u00e7\u00e3o"},"content":{"rendered":"<p><img loading=\"lazy\" class=\" wp-image-64588 aligncenter\" src=\"https:\/\/rna.ao\/rna.ao\/wp-content\/uploads\/2022\/06\/Piscina-de-Alvalade.jpg\" alt=\"\" width=\"676\" height=\"451\" \/>O complexo da piscina de Alvalade ser\u00e1 palco, este final de semana, de um meeting internacional de nata\u00e7\u00e3o, com presen\u00e7a de nadadores de Mo\u00e7ambique. Lu\u00eds Costa, membro da comiss\u00e3o organizadora da o ponto de situa\u00e7\u00e3o. Clique no \u00e1udio e ou\u00e7a:<\/p>\n\t<div class=\"qtmplayer-playlist-large\">\n\t\t<ul class=\"qtmplayer-playlist\">\n\t\t\t\n\t\t\t\t\t<li class=\"qtmplayer-trackitem\">\n\t\t<img src=\"https:\/\/rna.ao\/rna.ao\/wp-content\/uploads\/2022\/06\/Piscina-de-Alvalade-1-100x100.jpg\" alt=\"cover\">\t\t<span \t\t\tdata-qtmplayer-cover=\"https:\/\/rna.ao\/rna.ao\/wp-content\/uploads\/2022\/06\/Piscina-de-Alvalade-1.jpg\"\n\t\t\t\t\t\tdata-qtmplayer-file=\"https:\/\/rna.ao\/rna.ao\/wp-content\/uploads\/2022\/06\/9-LUIS-COSTA-03-06-22.mp3\"\n\t\t\t\t\t\tdata-qtmplayer-title=\"Piscina de Alvalade acolhe, neste fim-de-semana, meeting internacional de nata\u00e7\u00e3o\"\n\t\t\t\t\t\tdata-qtmplayer-artist=\"RNA\"\n\t\t\t\t\t\tdata-qtmplayer-link=\"https:\/\/rna.ao\/rna.ao\/2022\/06\/04\/piscina-de-alvalade-acolhe-neste-fim-de-semana-meeting-internacional-de-natacao\/\"\n\t\t\t\t\t\tdata-qtmplayer-icon=\"file_download\"\n\t\t\t\t\t\tdata-qtmplayer-type=\"track\"\n\t\t\t class=\"qtmplayer-play qtmplayer-link-sec qtmplayer-play-btn\"><i class='material-icons'>play_arrow<\/i><\/span>\n\t\t<p>\n\t\t\t<span class=\"qtmplayer-tit\">Piscina de Alvalade acolhe, neste fim-de-semana, meeting internacional de nata\u00e7\u00e3o<\/span>\n\t\t\t<span class=\"qtmplayer-art\">RNA<\/span>\n\t\t<\/p>\n\t<\/li>\n\t\t<\/ul>\n\t<\/div>\t\t\t\n\t\n<p>Fonte: R\u00e1dio 5\/RNA<\/p>\n","protected":false},"excerpt":{"rendered":"<p>O complexo da piscina de Alvalade ser\u00e1 palco, este final de semana, de um meeting internacional de nata\u00e7\u00e3o, com presen\u00e7a de nadadores de Mo\u00e7ambique. Lu\u00eds Costa, membro da comiss\u00e3o organizadora da o ponto de situa\u00e7\u00e3o. Clique no \u00e1udio e ou\u00e7a: Fonte: R\u00e1dio 5\/RNA<\/p>\n","protected":false},"author":8,"featured_media":64589,"comment_status":"closed","ping_status":"closed","sticky":false,"template":"","format":"standard","meta":[],"categories":[145,125,164],"tags":[],"_links":{"self":[{"href":"https:\/\/rna.ao\/rna.ao\/wp-json\/wp\/v2\/posts\/64586"}],"collection":[{"href":"https:\/\/rna.ao\/rna.ao\/wp-json\/wp\/v2\/posts"}],"about":[{"href":"https:\/\/rna.ao\/rna.ao\/wp-json\/wp\/v2\/types\/post"}],"author":[{"embeddable":true,"href":"https:\/\/rna.ao\/rna.ao\/wp-json\/wp\/v2\/users\/8"}],"replies":[{"embeddable":true,"href":"https:\/\/rna.ao\/rna.ao\/wp-json\/wp\/v2\/comments?post=64586"}],"version-history":[{"count":1,"href":"https:\/\/rna.ao\/rna.ao\/wp-json\/wp\/v2\/posts\/64586\/revisions"}],"predecessor-version":[{"id":64590,"href":"https:\/\/rna.ao\/rna.ao\/wp-json\/wp\/v2\/posts\/64586\/revisions\/64590"}],"wp:featuredmedia":[{"embeddable":true,"href":"https:\/\/rna.ao\/rna.ao\/wp-json\/wp\/v2\/media\/64589"}],"wp:attachment":[{"href":"https:\/\/rna.ao\/rna.ao\/wp-json\/wp\/v2\/media?parent=64586"}],"wp:term":[{"taxonomy":"category","embeddable":true,"href":"https:\/\/rna.ao\/rna.ao\/wp-json\/wp\/v2\/categories?post=64586"},{"taxonomy":"post_tag","embeddable":true,"href":"https:\/\/rna.ao\/rna.ao\/wp-json\/wp\/v2\/tags?post=64586"}],"curies":[{"name":"wp","href":"https:\/\/api.w.org\/{rel}","templated":true}]}}