{"id":64579,"date":"2022-06-04T07:07:02","date_gmt":"2022-06-04T06:07:02","guid":{"rendered":"https:\/\/rna.ao\/rna.ao\/?p=64579"},"modified":"2022-06-04T08:08:47","modified_gmt":"2022-06-04T07:08:47","slug":"pepe-claros-satisfeito-com-a-entrega-dos-atletas-da-pre-selecao-nacional-de-basquetebol","status":"publish","type":"post","link":"https:\/\/rna.ao\/rna.ao\/2022\/06\/04\/pepe-claros-satisfeito-com-a-entrega-dos-atletas-da-pre-selecao-nacional-de-basquetebol\/","title":{"rendered":"Pepe Clar\u00f3s satisfeito com a entrega dos atletas da pr\u00e9-sele\u00e7\u00e3o nacional de basquetebol"},"content":{"rendered":"<p><img loading=\"lazy\" class=\"size-full wp-image-43031 alignleft\" src=\"https:\/\/rna.ao\/rna.ao\/wp-content\/uploads\/2021\/11\/Pepe-Claros.jpg\" alt=\"\" width=\"304\" height=\"247\" \/>Os jogadores da pr\u00e9-selec\u00e7\u00e3o nacional masculina de basquetebol cumpriram na sexta-feira, 03\/06, a quarta sess\u00e3o de prepara\u00e7\u00e3o, tendo em vista a janela de Abidjan, na Costa do Marfim, selectiva ao Mundial do pr\u00f3ximo ano na \u00c1sia. Os atletas, de uma maneira geral, acreditam que ser\u00e1 poss\u00edvel ter uma participa\u00e7\u00e3o exitosa nessa janela, e t\u00eam dado o seu m\u00e1ximo, para satisfa\u00e7\u00e3o do t\u00e9cnico Pepe Clar\u00f3s. Clique no \u00e1udio e ou\u00e7a:<\/p>\n\t<div class=\"qtmplayer-playlist-large\">\n\t\t<ul class=\"qtmplayer-playlist\">\n\t\t\t\n\t\t\t\t\t<li class=\"qtmplayer-trackitem\">\n\t\t<img src=\"https:\/\/rna.ao\/rna.ao\/wp-content\/uploads\/2021\/11\/Pepe-Claros-100x100.jpg\" alt=\"cover\">\t\t<span \t\t\tdata-qtmplayer-cover=\"https:\/\/rna.ao\/rna.ao\/wp-content\/uploads\/2021\/11\/Pepe-Claros.jpg\"\n\t\t\t\t\t\tdata-qtmplayer-file=\"https:\/\/rna.ao\/rna.ao\/wp-content\/uploads\/2022\/06\/3-PEPI-CLAROS-03-06-2022.mp3\"\n\t\t\t\t\t\tdata-qtmplayer-title=\"Pepe Clar\u00f3s satisfeito com a entrega dos atletas da pr\u00e9-sele\u00e7\u00e3o nacional de basquetebol\"\n\t\t\t\t\t\tdata-qtmplayer-artist=\"RNA\"\n\t\t\t\t\t\tdata-qtmplayer-link=\"https:\/\/rna.ao\/rna.ao\/2022\/06\/04\/pepe-claros-satisfeito-com-a-entrega-dos-atletas-da-pre-selecao-nacional-de-basquetebol\/\"\n\t\t\t\t\t\tdata-qtmplayer-icon=\"file_download\"\n\t\t\t\t\t\tdata-qtmplayer-type=\"track\"\n\t\t\t class=\"qtmplayer-play qtmplayer-link-sec qtmplayer-play-btn\"><i class='material-icons'>play_arrow<\/i><\/span>\n\t\t<p>\n\t\t\t<span class=\"qtmplayer-tit\">Pepe Clar\u00f3s satisfeito com a entrega dos atletas da pr\u00e9-sele\u00e7\u00e3o nacional de basquetebol<\/span>\n\t\t\t<span class=\"qtmplayer-art\">RNA<\/span>\n\t\t<\/p>\n\t<\/li>\n\t\t<\/ul>\n\t<\/div>\t\t\t\n\t\n<p>A selec\u00e7\u00e3o, que trabalhou no Pavilh\u00e3o Victorino Cunha, contou j\u00e1 com os atletas campe\u00f5es nacionais do Petro de Luanda. Falando em nome dos seus companheiros que evoluem na Europa, Jo\u00e3o Fernandes manifestou-se ansioso por se estrear na selec\u00e7\u00e3o nacional. Clique no \u00e1udio e ou\u00e7a:<\/p>\n\t<div class=\"qtmplayer-playlist-large\">\n\t\t<ul class=\"qtmplayer-playlist\">\n\t\t\t\n\t\t\t\t\t<li class=\"qtmplayer-trackitem\">\n\t\t<img src=\"https:\/\/rna.ao\/rna.ao\/wp-content\/uploads\/2021\/11\/Pepe-Claros-100x100.jpg\" alt=\"cover\">\t\t<span \t\t\tdata-qtmplayer-cover=\"https:\/\/rna.ao\/rna.ao\/wp-content\/uploads\/2021\/11\/Pepe-Claros.jpg\"\n\t\t\t\t\t\tdata-qtmplayer-file=\"https:\/\/rna.ao\/rna.ao\/wp-content\/uploads\/2022\/06\/4-JOAO-FERNANDES-03-06-22.mp3\"\n\t\t\t\t\t\tdata-qtmplayer-title=\"Pepe Clar\u00f3s satisfeito com a entrega dos atletas da pr\u00e9-sele\u00e7\u00e3o nacional de basquetebol\"\n\t\t\t\t\t\tdata-qtmplayer-artist=\"RNA\"\n\t\t\t\t\t\tdata-qtmplayer-link=\"https:\/\/rna.ao\/rna.ao\/2022\/06\/04\/pepe-claros-satisfeito-com-a-entrega-dos-atletas-da-pre-selecao-nacional-de-basquetebol\/\"\n\t\t\t\t\t\tdata-qtmplayer-icon=\"file_download\"\n\t\t\t\t\t\tdata-qtmplayer-type=\"track\"\n\t\t\t class=\"qtmplayer-play qtmplayer-link-sec qtmplayer-play-btn\"><i class='material-icons'>play_arrow<\/i><\/span>\n\t\t<p>\n\t\t\t<span class=\"qtmplayer-tit\">Pepe Clar\u00f3s satisfeito com a entrega dos atletas da pr\u00e9-sele\u00e7\u00e3o nacional de basquetebol<\/span>\n\t\t\t<span class=\"qtmplayer-art\">RNA<\/span>\n\t\t<\/p>\n\t<\/li>\n\t\t<\/ul>\n\t<\/div>\t\t\t\n\t\n<p>Fonte: R\u00e1dio 5\/RNA<\/p>\n","protected":false},"excerpt":{"rendered":"<p>Os jogadores da pr\u00e9-selec\u00e7\u00e3o nacional masculina de basquetebol cumpriram na sexta-feira, 03\/06, a quarta sess\u00e3o de prepara\u00e7\u00e3o, tendo em vista a janela de Abidjan, na Costa do Marfim, selectiva ao Mundial do pr\u00f3ximo ano na \u00c1sia. Os atletas, de uma maneira geral, acreditam que ser\u00e1 poss\u00edvel ter uma participa\u00e7\u00e3o exitosa ...<\/p>\n","protected":false},"author":8,"featured_media":43031,"comment_status":"closed","ping_status":"closed","sticky":false,"template":"","format":"standard","meta":[],"categories":[145,125,164],"tags":[],"_links":{"self":[{"href":"https:\/\/rna.ao\/rna.ao\/wp-json\/wp\/v2\/posts\/64579"}],"collection":[{"href":"https:\/\/rna.ao\/rna.ao\/wp-json\/wp\/v2\/posts"}],"about":[{"href":"https:\/\/rna.ao\/rna.ao\/wp-json\/wp\/v2\/types\/post"}],"author":[{"embeddable":true,"href":"https:\/\/rna.ao\/rna.ao\/wp-json\/wp\/v2\/users\/8"}],"replies":[{"embeddable":true,"href":"https:\/\/rna.ao\/rna.ao\/wp-json\/wp\/v2\/comments?post=64579"}],"version-history":[{"count":1,"href":"https:\/\/rna.ao\/rna.ao\/wp-json\/wp\/v2\/posts\/64579\/revisions"}],"predecessor-version":[{"id":64582,"href":"https:\/\/rna.ao\/rna.ao\/wp-json\/wp\/v2\/posts\/64579\/revisions\/64582"}],"wp:featuredmedia":[{"embeddable":true,"href":"https:\/\/rna.ao\/rna.ao\/wp-json\/wp\/v2\/media\/43031"}],"wp:attachment":[{"href":"https:\/\/rna.ao\/rna.ao\/wp-json\/wp\/v2\/media?parent=64579"}],"wp:term":[{"taxonomy":"category","embeddable":true,"href":"https:\/\/rna.ao\/rna.ao\/wp-json\/wp\/v2\/categories?post=64579"},{"taxonomy":"post_tag","embeddable":true,"href":"https:\/\/rna.ao\/rna.ao\/wp-json\/wp\/v2\/tags?post=64579"}],"curies":[{"name":"wp","href":"https:\/\/api.w.org\/{rel}","templated":true}]}}